{"id":30156,"date":"2025-08-28T03:45:57","date_gmt":"2025-08-28T03:45:57","guid":{"rendered":"https:\/\/modusportal.ba\/mojevijesti\/2025\/08\/28\/ustavni-sud-fbih-donio-rjesenje-nakon-zahtjeva-da-se-ukine-neradna-nedjelja\/"},"modified":"2025-08-28T03:45:57","modified_gmt":"2025-08-28T03:45:57","slug":"ustavni-sud-fbih-donio-rjesenje-nakon-zahtjeva-da-se-ukine-neradna-nedjelja","status":"publish","type":"post","link":"https:\/\/modusportal.ba\/mojevijesti\/2025\/08\/28\/ustavni-sud-fbih-donio-rjesenje-nakon-zahtjeva-da-se-ukine-neradna-nedjelja\/","title":{"rendered":"Ustavni sud FBiH donio rje\u0161enje nakon zahtjeva da se ukine neradna nedjelja"},"content":{"rendered":"<p><\/p>\n<p><img loading=\"lazy\" decoding=\"async\" loading=\"lazy\" width=\"1024\" height=\"538\" src=\"https:\/\/cdn.fokus.ba\/wp-content\/uploads\/2024\/05\/ustavni-sud-fbih-1024x538.jpg\" class=\"attachment-large size-large wp-post-image\" alt=\"ustavni sud bih\"><\/p>\n<p>Sarajevska firma tra\u017eila privremenu mjeru jer smatraju da je prekr\u0161en Ustav, izme\u0111u ostalog, pravo na slobodu tr\u017ei\u0161ta i poduzetni\u0161tva<\/p>\n<p><a href=\"https:\/\/www.fokus.ba\/vijesti\/bih\/ustavni-sud-fbih-donio-rjesenje-nakon-zahtjeva-da-se-ukine-neradna-nedjelja\/3488467\/\">Fokus.ba <\/a><\/p>\n","protected":false},"excerpt":{"rendered":"<p>Sarajevska firma tra\u017eila privremenu mjeru jer smatraju da je prekr\u0161en Ustav, izme\u0111u ostalog, pravo na slobodu tr\u017ei\u0161ta i poduzetni\u0161tva Fokus.ba<\/p>\n","protected":false},"author":1,"featured_media":30157,"comment_status":"open","ping_status":"open","sticky":false,"template":"","format":"standard","meta":{"_siteseo_robots_primary_cat":"","footnotes":""},"categories":[],"tags":[],"class_list":["post-30156","post","type-post","status-publish","format-standard","has-post-thumbnail"],"_links":{"self":[{"href":"https:\/\/modusportal.ba\/mojevijesti\/wp-json\/wp\/v2\/posts\/30156","targetHints":{"allow":["GET"]}}],"collection":[{"href":"https:\/\/modusportal.ba\/mojevijesti\/wp-json\/wp\/v2\/posts"}],"about":[{"href":"https:\/\/modusportal.ba\/mojevijesti\/wp-json\/wp\/v2\/types\/post"}],"author":[{"embeddable":true,"href":"https:\/\/modusportal.ba\/mojevijesti\/wp-json\/wp\/v2\/users\/1"}],"replies":[{"embeddable":true,"href":"https:\/\/modusportal.ba\/mojevijesti\/wp-json\/wp\/v2\/comments?post=30156"}],"version-history":[{"count":0,"href":"https:\/\/modusportal.ba\/mojevijesti\/wp-json\/wp\/v2\/posts\/30156\/revisions"}],"wp:featuredmedia":[{"embeddable":true,"href":"https:\/\/modusportal.ba\/mojevijesti\/wp-json\/wp\/v2\/media\/30157"}],"wp:attachment":[{"href":"https:\/\/modusportal.ba\/mojevijesti\/wp-json\/wp\/v2\/media?parent=30156"}],"wp:term":[{"taxonomy":"category","embeddable":true,"href":"https:\/\/modusportal.ba\/mojevijesti\/wp-json\/wp\/v2\/categories?post=30156"},{"taxonomy":"post_tag","embeddable":true,"href":"https:\/\/modusportal.ba\/mojevijesti\/wp-json\/wp\/v2\/tags?post=30156"}],"curies":[{"name":"wp","href":"https:\/\/api.w.org\/{rel}","templated":true}]}}