{"id":30160,"date":"2025-08-28T16:14:41","date_gmt":"2025-08-28T16:14:41","guid":{"rendered":"https:\/\/modusportal.ba\/mojevijesti\/2025\/08\/28\/konakovic-potpisao-dopis-viskovic-mora-vratiti-diplomatski-pasos\/"},"modified":"2025-08-28T16:14:41","modified_gmt":"2025-08-28T16:14:41","slug":"konakovic-potpisao-dopis-viskovic-mora-vratiti-diplomatski-pasos","status":"publish","type":"post","link":"https:\/\/modusportal.ba\/mojevijesti\/2025\/08\/28\/konakovic-potpisao-dopis-viskovic-mora-vratiti-diplomatski-pasos\/","title":{"rendered":"Konakovi\u0107 potpisao dopis, Vi\u0161kovi\u0107 mora vratiti diplomatski paso\u0161"},"content":{"rendered":"<p><\/p>\n<p><img loading=\"lazy\" decoding=\"async\" loading=\"lazy\" width=\"1024\" height=\"538\" src=\"https:\/\/cdn.fokus.ba\/wp-content\/uploads\/2025\/06\/konakovic-1024x538.webp\" class=\"attachment-large size-large wp-post-image\" alt=\"konakovic\"><\/p>\n<p>Radovan Vi\u0161kovi\u0107 ostaje bez diplomatskog paso\u0161a nakon \u0161to ga je Narodna skup\u0161tina Republike Srpske razrije\u0161ila\u00a0 du\u017enosti entitetskog premijera<\/p>\n<p><a href=\"https:\/\/www.fokus.ba\/vijesti\/bih\/konakovic-potpisao-dopis-viskovic-mora-vratiti-diplomatski-pasos\/3488630\/\">Fokus.ba <\/a><\/p>\n","protected":false},"excerpt":{"rendered":"<p>Radovan Vi\u0161kovi\u0107 ostaje bez diplomatskog paso\u0161a nakon \u0161to ga je Narodna skup\u0161tina Republike Srpske razrije\u0161ila\u00a0 du\u017enosti entitetskog premijera Fokus.ba<\/p>\n","protected":false},"author":1,"featured_media":30161,"comment_status":"open","ping_status":"open","sticky":false,"template":"","format":"standard","meta":{"_siteseo_robots_primary_cat":"","footnotes":""},"categories":[],"tags":[],"class_list":["post-30160","post","type-post","status-publish","format-standard","has-post-thumbnail"],"_links":{"self":[{"href":"https:\/\/modusportal.ba\/mojevijesti\/wp-json\/wp\/v2\/posts\/30160","targetHints":{"allow":["GET"]}}],"collection":[{"href":"https:\/\/modusportal.ba\/mojevijesti\/wp-json\/wp\/v2\/posts"}],"about":[{"href":"https:\/\/modusportal.ba\/mojevijesti\/wp-json\/wp\/v2\/types\/post"}],"author":[{"embeddable":true,"href":"https:\/\/modusportal.ba\/mojevijesti\/wp-json\/wp\/v2\/users\/1"}],"replies":[{"embeddable":true,"href":"https:\/\/modusportal.ba\/mojevijesti\/wp-json\/wp\/v2\/comments?post=30160"}],"version-history":[{"count":0,"href":"https:\/\/modusportal.ba\/mojevijesti\/wp-json\/wp\/v2\/posts\/30160\/revisions"}],"wp:featuredmedia":[{"embeddable":true,"href":"https:\/\/modusportal.ba\/mojevijesti\/wp-json\/wp\/v2\/media\/30161"}],"wp:attachment":[{"href":"https:\/\/modusportal.ba\/mojevijesti\/wp-json\/wp\/v2\/media?parent=30160"}],"wp:term":[{"taxonomy":"category","embeddable":true,"href":"https:\/\/modusportal.ba\/mojevijesti\/wp-json\/wp\/v2\/categories?post=30160"},{"taxonomy":"post_tag","embeddable":true,"href":"https:\/\/modusportal.ba\/mojevijesti\/wp-json\/wp\/v2\/tags?post=30160"}],"curies":[{"name":"wp","href":"https:\/\/api.w.org\/{rel}","templated":true}]}}