{"id":30168,"date":"2025-08-29T16:26:06","date_gmt":"2025-08-29T16:26:06","guid":{"rendered":"https:\/\/modusportal.ba\/mojevijesti\/2025\/08\/29\/izetbegovic-o-dodiku-i-snsd-u-zvao-me-jos-u-januaru-ne-bih-rekao-da-ce-on-biti-partner-za-ragovor\/"},"modified":"2025-08-29T16:26:06","modified_gmt":"2025-08-29T16:26:06","slug":"izetbegovic-o-dodiku-i-snsd-u-zvao-me-jos-u-januaru-ne-bih-rekao-da-ce-on-biti-partner-za-ragovor","status":"publish","type":"post","link":"https:\/\/modusportal.ba\/mojevijesti\/2025\/08\/29\/izetbegovic-o-dodiku-i-snsd-u-zvao-me-jos-u-januaru-ne-bih-rekao-da-ce-on-biti-partner-za-ragovor\/","title":{"rendered":"Izetbegovi\u0107 o Dodiku i SNSD-u: Zvao me jo\u0161 u januaru, ne bih rekao da \u0107e on biti partner za ragovor"},"content":{"rendered":"<p><\/p>\n<p><img loading=\"lazy\" decoding=\"async\" loading=\"lazy\" width=\"1024\" height=\"538\" src=\"https:\/\/cdn.fokus.ba\/wp-content\/uploads\/2025\/08\/bakir-izetbegovic-fena-1024x538.jpg\" class=\"attachment-large size-large wp-post-image\" alt=\"bakir izetbegovic\"><\/p>\n<p>Istaknuo je da su problemi u SNSD-u, kada je rije\u010d o politi\u010dkom djelovanju, posljedica li\u010dnog odnosa i taktike Dodika, a ne same stranke<\/p>\n<p><a href=\"https:\/\/www.fokus.ba\/vijesti\/bih\/izetbegovic-o-dodiku-i-snsd-u-zvao-me-jos-u-januaru-ne-bih-rekao-da-ce-on-biti-partner-za-ragovor\/3488924\/\">Fokus.ba <\/a><\/p>\n","protected":false},"excerpt":{"rendered":"<p>Istaknuo je da su problemi u SNSD-u, kada je rije\u010d o politi\u010dkom djelovanju, posljedica li\u010dnog odnosa i taktike Dodika, a ne same stranke Fokus.ba<\/p>\n","protected":false},"author":1,"featured_media":30169,"comment_status":"open","ping_status":"open","sticky":false,"template":"","format":"standard","meta":{"_siteseo_robots_primary_cat":"","footnotes":""},"categories":[],"tags":[],"class_list":["post-30168","post","type-post","status-publish","format-standard","has-post-thumbnail"],"_links":{"self":[{"href":"https:\/\/modusportal.ba\/mojevijesti\/wp-json\/wp\/v2\/posts\/30168","targetHints":{"allow":["GET"]}}],"collection":[{"href":"https:\/\/modusportal.ba\/mojevijesti\/wp-json\/wp\/v2\/posts"}],"about":[{"href":"https:\/\/modusportal.ba\/mojevijesti\/wp-json\/wp\/v2\/types\/post"}],"author":[{"embeddable":true,"href":"https:\/\/modusportal.ba\/mojevijesti\/wp-json\/wp\/v2\/users\/1"}],"replies":[{"embeddable":true,"href":"https:\/\/modusportal.ba\/mojevijesti\/wp-json\/wp\/v2\/comments?post=30168"}],"version-history":[{"count":0,"href":"https:\/\/modusportal.ba\/mojevijesti\/wp-json\/wp\/v2\/posts\/30168\/revisions"}],"wp:featuredmedia":[{"embeddable":true,"href":"https:\/\/modusportal.ba\/mojevijesti\/wp-json\/wp\/v2\/media\/30169"}],"wp:attachment":[{"href":"https:\/\/modusportal.ba\/mojevijesti\/wp-json\/wp\/v2\/media?parent=30168"}],"wp:term":[{"taxonomy":"category","embeddable":true,"href":"https:\/\/modusportal.ba\/mojevijesti\/wp-json\/wp\/v2\/categories?post=30168"},{"taxonomy":"post_tag","embeddable":true,"href":"https:\/\/modusportal.ba\/mojevijesti\/wp-json\/wp\/v2\/tags?post=30168"}],"curies":[{"name":"wp","href":"https:\/\/api.w.org\/{rel}","templated":true}]}}