{"id":30194,"date":"2025-09-02T00:24:22","date_gmt":"2025-09-02T00:24:22","guid":{"rendered":"https:\/\/modusportal.ba\/mojevijesti\/2025\/09\/02\/drzavno-tuzilastvo-za-osam-mjeseci-podiglo-samo-jednu-optuznicu-za-ratne-zlocine\/"},"modified":"2025-09-02T00:24:22","modified_gmt":"2025-09-02T00:24:22","slug":"drzavno-tuzilastvo-za-osam-mjeseci-podiglo-samo-jednu-optuznicu-za-ratne-zlocine","status":"publish","type":"post","link":"https:\/\/modusportal.ba\/mojevijesti\/2025\/09\/02\/drzavno-tuzilastvo-za-osam-mjeseci-podiglo-samo-jednu-optuznicu-za-ratne-zlocine\/","title":{"rendered":"Dr\u017eavno tu\u017eila\u0161tvo za osam mjeseci podiglo samo jednu optu\u017enicu za ratne zlo\u010dine"},"content":{"rendered":"<p><\/p>\n<p><img loading=\"lazy\" decoding=\"async\" loading=\"lazy\" width=\"1024\" height=\"538\" src=\"https:\/\/cdn.fokus.ba\/wp-content\/uploads\/2025\/09\/tuzioci-bih-srbija-1024x538.jpg\" class=\"attachment-large size-large wp-post-image\" alt=\"\"><\/p>\n<p>Rije\u010d je o predmetu Dervi\u0161 Mehinovi\u0107, koji se u svojstvu komandanta 119. muslimanske brdske brigade tereti za ratni zlo\u010din protiv civilnog stanovni\u0161tva po\u010dinjen na podru\u010dju Banovi\u0107a od po\u010detka maja do augusta 1993. godine<\/p>\n<p><a href=\"https:\/\/www.fokus.ba\/vijesti\/bih\/drzavno-tuzilastvo-za-osam-mjeseci-podiglo-samo-jednu-optuznicu-za-ratne-zlocine\/3489433\/\">Fokus.ba <\/a><\/p>\n","protected":false},"excerpt":{"rendered":"<p>Rije\u010d je o predmetu Dervi\u0161 Mehinovi\u0107, koji se u svojstvu komandanta 119. muslimanske brdske brigade tereti za ratni zlo\u010din protiv civilnog stanovni\u0161tva po\u010dinjen na podru\u010dju Banovi\u0107a od po\u010detka maja do augusta 1993. godine Fokus.ba<\/p>\n","protected":false},"author":1,"featured_media":30195,"comment_status":"open","ping_status":"open","sticky":false,"template":"","format":"standard","meta":{"_siteseo_robots_primary_cat":"","footnotes":""},"categories":[],"tags":[],"class_list":["post-30194","post","type-post","status-publish","format-standard","has-post-thumbnail"],"_links":{"self":[{"href":"https:\/\/modusportal.ba\/mojevijesti\/wp-json\/wp\/v2\/posts\/30194","targetHints":{"allow":["GET"]}}],"collection":[{"href":"https:\/\/modusportal.ba\/mojevijesti\/wp-json\/wp\/v2\/posts"}],"about":[{"href":"https:\/\/modusportal.ba\/mojevijesti\/wp-json\/wp\/v2\/types\/post"}],"author":[{"embeddable":true,"href":"https:\/\/modusportal.ba\/mojevijesti\/wp-json\/wp\/v2\/users\/1"}],"replies":[{"embeddable":true,"href":"https:\/\/modusportal.ba\/mojevijesti\/wp-json\/wp\/v2\/comments?post=30194"}],"version-history":[{"count":0,"href":"https:\/\/modusportal.ba\/mojevijesti\/wp-json\/wp\/v2\/posts\/30194\/revisions"}],"wp:featuredmedia":[{"embeddable":true,"href":"https:\/\/modusportal.ba\/mojevijesti\/wp-json\/wp\/v2\/media\/30195"}],"wp:attachment":[{"href":"https:\/\/modusportal.ba\/mojevijesti\/wp-json\/wp\/v2\/media?parent=30194"}],"wp:term":[{"taxonomy":"category","embeddable":true,"href":"https:\/\/modusportal.ba\/mojevijesti\/wp-json\/wp\/v2\/categories?post=30194"},{"taxonomy":"post_tag","embeddable":true,"href":"https:\/\/modusportal.ba\/mojevijesti\/wp-json\/wp\/v2\/tags?post=30194"}],"curies":[{"name":"wp","href":"https:\/\/api.w.org\/{rel}","templated":true}]}}