{"id":30202,"date":"2025-09-03T00:53:23","date_gmt":"2025-09-03T00:53:23","guid":{"rendered":"https:\/\/modusportal.ba\/mojevijesti\/2025\/09\/03\/dodik-nakon-sto-je-nsrs-izglasala-minicevu-vladu-nije-ni-cudo-sto-osporavaju-neke-bizarne-stvari\/"},"modified":"2025-09-03T00:53:23","modified_gmt":"2025-09-03T00:53:23","slug":"dodik-nakon-sto-je-nsrs-izglasala-minicevu-vladu-nije-ni-cudo-sto-osporavaju-neke-bizarne-stvari","status":"publish","type":"post","link":"https:\/\/modusportal.ba\/mojevijesti\/2025\/09\/03\/dodik-nakon-sto-je-nsrs-izglasala-minicevu-vladu-nije-ni-cudo-sto-osporavaju-neke-bizarne-stvari\/","title":{"rendered":"Dodik nakon \u0161to je NSRS izglasala Mini\u0107evu vladu:  Nije ni \u010dudo \u0161to osporavaju neke bizarne stvari"},"content":{"rendered":"<p><\/p>\n<p><img loading=\"lazy\" decoding=\"async\" loading=\"lazy\" width=\"1024\" height=\"538\" src=\"https:\/\/cdn.fokus.ba\/wp-content\/uploads\/2025\/09\/dodik-nova-vlada-1024x538.webp\" class=\"attachment-large size-large wp-post-image\" alt=\"dodik nova vlada\"><\/p>\n<p>Podsje\u0107amo, iz opozicije su upozorili zastupnike vladaju\u0107e ve\u0107ine predvo\u0111ene SNSD-om prije glasanja da izglasavanjem nove vlade RS \u010dine krivi\u010dno djelo<\/p>\n<p><a href=\"https:\/\/www.fokus.ba\/vijesti\/bih\/dodik-nakon-sto-je-nsrs-izglasala-minicevu-vladu-nije-ni-cudo-sto-osporavaju-neke-bizarne-stvari\/3489737\/\">Fokus.ba <\/a><\/p>\n","protected":false},"excerpt":{"rendered":"<p>Podsje\u0107amo, iz opozicije su upozorili zastupnike vladaju\u0107e ve\u0107ine predvo\u0111ene SNSD-om prije glasanja da izglasavanjem nove vlade RS \u010dine krivi\u010dno djelo Fokus.ba<\/p>\n","protected":false},"author":1,"featured_media":30203,"comment_status":"open","ping_status":"open","sticky":false,"template":"","format":"standard","meta":{"_siteseo_robots_primary_cat":"","footnotes":""},"categories":[],"tags":[],"class_list":["post-30202","post","type-post","status-publish","format-standard","has-post-thumbnail"],"_links":{"self":[{"href":"https:\/\/modusportal.ba\/mojevijesti\/wp-json\/wp\/v2\/posts\/30202","targetHints":{"allow":["GET"]}}],"collection":[{"href":"https:\/\/modusportal.ba\/mojevijesti\/wp-json\/wp\/v2\/posts"}],"about":[{"href":"https:\/\/modusportal.ba\/mojevijesti\/wp-json\/wp\/v2\/types\/post"}],"author":[{"embeddable":true,"href":"https:\/\/modusportal.ba\/mojevijesti\/wp-json\/wp\/v2\/users\/1"}],"replies":[{"embeddable":true,"href":"https:\/\/modusportal.ba\/mojevijesti\/wp-json\/wp\/v2\/comments?post=30202"}],"version-history":[{"count":0,"href":"https:\/\/modusportal.ba\/mojevijesti\/wp-json\/wp\/v2\/posts\/30202\/revisions"}],"wp:featuredmedia":[{"embeddable":true,"href":"https:\/\/modusportal.ba\/mojevijesti\/wp-json\/wp\/v2\/media\/30203"}],"wp:attachment":[{"href":"https:\/\/modusportal.ba\/mojevijesti\/wp-json\/wp\/v2\/media?parent=30202"}],"wp:term":[{"taxonomy":"category","embeddable":true,"href":"https:\/\/modusportal.ba\/mojevijesti\/wp-json\/wp\/v2\/categories?post=30202"},{"taxonomy":"post_tag","embeddable":true,"href":"https:\/\/modusportal.ba\/mojevijesti\/wp-json\/wp\/v2\/tags?post=30202"}],"curies":[{"name":"wp","href":"https:\/\/api.w.org\/{rel}","templated":true}]}}