{"id":30209,"date":"2025-09-04T01:41:54","date_gmt":"2025-09-04T01:41:54","guid":{"rendered":"https:\/\/modusportal.ba\/mojevijesti\/2025\/09\/04\/hdz-se-oglasio-nakon-sastanka-covica-i-niksica-u-sarajevu\/"},"modified":"2025-09-04T01:41:54","modified_gmt":"2025-09-04T01:41:54","slug":"hdz-se-oglasio-nakon-sastanka-covica-i-niksica-u-sarajevu","status":"publish","type":"post","link":"https:\/\/modusportal.ba\/mojevijesti\/2025\/09\/04\/hdz-se-oglasio-nakon-sastanka-covica-i-niksica-u-sarajevu\/","title":{"rendered":"HDZ se oglasio nakon sastanka \u010covi\u0107a i Nik\u0161i\u0107a u Sarajevu"},"content":{"rendered":"<p><\/p>\n<p><img loading=\"lazy\" decoding=\"async\" loading=\"lazy\" width=\"1024\" height=\"538\" src=\"https:\/\/cdn.fokus.ba\/wp-content\/uploads\/2025\/09\/niksic-covic-1024x538.jpg\" class=\"attachment-large size-large wp-post-image\" alt=\"sastanak sdp hdz\"><\/p>\n<p>Du\u017enosnici su istaknuli zadovoljstvo zajedni\u010dkim radom po vitalnim pitanjima za Federaciju, nagla\u0161avaju\u0107i uvjerenje u nastavak usagla\u0161enog djelovanja na dobrobit \u017eitelja FBiH i u predstoje\u0107em periodu<\/p>\n<p><a href=\"https:\/\/www.fokus.ba\/vijesti\/bih\/hdz-se-oglasio-nakon-sastanka-covica-i-niksica-u-sarajevu\/3489961\/\">Fokus.ba <\/a><\/p>\n","protected":false},"excerpt":{"rendered":"<p>Du\u017enosnici su istaknuli zadovoljstvo zajedni\u010dkim radom po vitalnim pitanjima za Federaciju, nagla\u0161avaju\u0107i uvjerenje u nastavak usagla\u0161enog djelovanja na dobrobit \u017eitelja FBiH i u predstoje\u0107em periodu Fokus.ba<\/p>\n","protected":false},"author":1,"featured_media":30210,"comment_status":"open","ping_status":"open","sticky":false,"template":"","format":"standard","meta":{"_siteseo_robots_primary_cat":"","footnotes":""},"categories":[],"tags":[],"class_list":["post-30209","post","type-post","status-publish","format-standard","has-post-thumbnail"],"_links":{"self":[{"href":"https:\/\/modusportal.ba\/mojevijesti\/wp-json\/wp\/v2\/posts\/30209","targetHints":{"allow":["GET"]}}],"collection":[{"href":"https:\/\/modusportal.ba\/mojevijesti\/wp-json\/wp\/v2\/posts"}],"about":[{"href":"https:\/\/modusportal.ba\/mojevijesti\/wp-json\/wp\/v2\/types\/post"}],"author":[{"embeddable":true,"href":"https:\/\/modusportal.ba\/mojevijesti\/wp-json\/wp\/v2\/users\/1"}],"replies":[{"embeddable":true,"href":"https:\/\/modusportal.ba\/mojevijesti\/wp-json\/wp\/v2\/comments?post=30209"}],"version-history":[{"count":0,"href":"https:\/\/modusportal.ba\/mojevijesti\/wp-json\/wp\/v2\/posts\/30209\/revisions"}],"wp:featuredmedia":[{"embeddable":true,"href":"https:\/\/modusportal.ba\/mojevijesti\/wp-json\/wp\/v2\/media\/30210"}],"wp:attachment":[{"href":"https:\/\/modusportal.ba\/mojevijesti\/wp-json\/wp\/v2\/media?parent=30209"}],"wp:term":[{"taxonomy":"category","embeddable":true,"href":"https:\/\/modusportal.ba\/mojevijesti\/wp-json\/wp\/v2\/categories?post=30209"},{"taxonomy":"post_tag","embeddable":true,"href":"https:\/\/modusportal.ba\/mojevijesti\/wp-json\/wp\/v2\/tags?post=30209"}],"curies":[{"name":"wp","href":"https:\/\/api.w.org\/{rel}","templated":true}]}}