{"id":30211,"date":"2025-09-04T07:47:37","date_gmt":"2025-09-04T07:47:37","guid":{"rendered":"https:\/\/modusportal.ba\/mojevijesti\/2025\/09\/04\/misija-osce-u-bih-secesionisticka-retorika-ozbiljna-prijetnja-za-stabilnost-regije\/"},"modified":"2025-09-04T07:47:37","modified_gmt":"2025-09-04T07:47:37","slug":"misija-osce-u-bih-secesionisticka-retorika-ozbiljna-prijetnja-za-stabilnost-regije","status":"publish","type":"post","link":"https:\/\/modusportal.ba\/mojevijesti\/2025\/09\/04\/misija-osce-u-bih-secesionisticka-retorika-ozbiljna-prijetnja-za-stabilnost-regije\/","title":{"rendered":"Misija OSCE u BiH: Secesionisti\u010dka retorika ozbiljna prijetnja za stabilnost regije"},"content":{"rendered":"<p><\/p>\n<p><img loading=\"lazy\" decoding=\"async\" loading=\"lazy\" width=\"1024\" height=\"538\" src=\"https:\/\/cdn.fokus.ba\/wp-content\/uploads\/2024\/03\/osce-1024x538.webp\" class=\"attachment-large size-large wp-post-image\" alt=\"osce\"><\/p>\n<p>Potcrtali su da OSCE ostaje \u010dvrsto posve\u0107en suverenitetu, teritorijalnom integritetu i politi\u010dkoj nezavisnosti BiH<\/p>\n<p><a href=\"https:\/\/www.fokus.ba\/vijesti\/bih\/misija-osce-u-bih-secesionisticka-retorika-ozbiljna-prijetnja-za-stabilnost-regije\/3489995\/\">Fokus.ba <\/a><\/p>\n","protected":false},"excerpt":{"rendered":"<p>Potcrtali su da OSCE ostaje \u010dvrsto posve\u0107en suverenitetu, teritorijalnom integritetu i politi\u010dkoj nezavisnosti BiH Fokus.ba<\/p>\n","protected":false},"author":1,"featured_media":29955,"comment_status":"open","ping_status":"open","sticky":false,"template":"","format":"standard","meta":{"_siteseo_robots_primary_cat":"","footnotes":""},"categories":[],"tags":[],"class_list":["post-30211","post","type-post","status-publish","format-standard","has-post-thumbnail"],"_links":{"self":[{"href":"https:\/\/modusportal.ba\/mojevijesti\/wp-json\/wp\/v2\/posts\/30211","targetHints":{"allow":["GET"]}}],"collection":[{"href":"https:\/\/modusportal.ba\/mojevijesti\/wp-json\/wp\/v2\/posts"}],"about":[{"href":"https:\/\/modusportal.ba\/mojevijesti\/wp-json\/wp\/v2\/types\/post"}],"author":[{"embeddable":true,"href":"https:\/\/modusportal.ba\/mojevijesti\/wp-json\/wp\/v2\/users\/1"}],"replies":[{"embeddable":true,"href":"https:\/\/modusportal.ba\/mojevijesti\/wp-json\/wp\/v2\/comments?post=30211"}],"version-history":[{"count":0,"href":"https:\/\/modusportal.ba\/mojevijesti\/wp-json\/wp\/v2\/posts\/30211\/revisions"}],"wp:featuredmedia":[{"embeddable":true,"href":"https:\/\/modusportal.ba\/mojevijesti\/wp-json\/wp\/v2\/media\/29955"}],"wp:attachment":[{"href":"https:\/\/modusportal.ba\/mojevijesti\/wp-json\/wp\/v2\/media?parent=30211"}],"wp:term":[{"taxonomy":"category","embeddable":true,"href":"https:\/\/modusportal.ba\/mojevijesti\/wp-json\/wp\/v2\/categories?post=30211"},{"taxonomy":"post_tag","embeddable":true,"href":"https:\/\/modusportal.ba\/mojevijesti\/wp-json\/wp\/v2\/tags?post=30211"}],"curies":[{"name":"wp","href":"https:\/\/api.w.org\/{rel}","templated":true}]}}