{"id":30212,"date":"2025-09-04T13:49:08","date_gmt":"2025-09-04T13:49:08","guid":{"rendered":"https:\/\/modusportal.ba\/mojevijesti\/2025\/09\/04\/nato-sigurnost-bih-vazna-za-regiju-ali-i-za-evropu-snazno-podrzavamo-institucije-drzave\/"},"modified":"2025-09-04T13:49:08","modified_gmt":"2025-09-04T13:49:08","slug":"nato-sigurnost-bih-vazna-za-regiju-ali-i-za-evropu-snazno-podrzavamo-institucije-drzave","status":"publish","type":"post","link":"https:\/\/modusportal.ba\/mojevijesti\/2025\/09\/04\/nato-sigurnost-bih-vazna-za-regiju-ali-i-za-evropu-snazno-podrzavamo-institucije-drzave\/","title":{"rendered":"NATO: Sigurnost BiH va\u017ena za regiju, ali i za Evropu, sna\u017eno podr\u017eavamo institucije dr\u017eave"},"content":{"rendered":"<p><\/p>\n<p><img loading=\"lazy\" decoding=\"async\" loading=\"lazy\" width=\"1024\" height=\"538\" src=\"https:\/\/cdn.fokus.ba\/wp-content\/uploads\/2024\/12\/nato-bih-1024x538.webp\" class=\"attachment-large size-large wp-post-image\" alt=\"nato bih\"><\/p>\n<p>Du\u017enosnik iz Sjevernoatlantskog saveza najavio je da tokom ove godine o\u010dekuju pokretanje niza programa u vi\u0161e podru\u010dja, uklju\u010duju\u0107i borbu protiv terorizma, kiberneti\u010dku odbranu, evakuaciju iz zraka, vojnu policiju i upravljanje krizama<\/p>\n<p><a href=\"https:\/\/www.fokus.ba\/vijesti\/bih\/nato-sigurnost-bih-vazna-za-regiju-ali-i-za-evropu-snazno-podrzavamo-institucije-drzave\/3490063\/\">Fokus.ba <\/a><\/p>\n","protected":false},"excerpt":{"rendered":"<p>Du\u017enosnik iz Sjevernoatlantskog saveza najavio je da tokom ove godine o\u010dekuju pokretanje niza programa u vi\u0161e podru\u010dja, uklju\u010duju\u0107i borbu protiv terorizma, kiberneti\u010dku odbranu, evakuaciju iz zraka, vojnu policiju i upravljanje krizama Fokus.ba<\/p>\n","protected":false},"author":1,"featured_media":30213,"comment_status":"open","ping_status":"open","sticky":false,"template":"","format":"standard","meta":{"_siteseo_robots_primary_cat":"","footnotes":""},"categories":[],"tags":[],"class_list":["post-30212","post","type-post","status-publish","format-standard","has-post-thumbnail"],"_links":{"self":[{"href":"https:\/\/modusportal.ba\/mojevijesti\/wp-json\/wp\/v2\/posts\/30212","targetHints":{"allow":["GET"]}}],"collection":[{"href":"https:\/\/modusportal.ba\/mojevijesti\/wp-json\/wp\/v2\/posts"}],"about":[{"href":"https:\/\/modusportal.ba\/mojevijesti\/wp-json\/wp\/v2\/types\/post"}],"author":[{"embeddable":true,"href":"https:\/\/modusportal.ba\/mojevijesti\/wp-json\/wp\/v2\/users\/1"}],"replies":[{"embeddable":true,"href":"https:\/\/modusportal.ba\/mojevijesti\/wp-json\/wp\/v2\/comments?post=30212"}],"version-history":[{"count":0,"href":"https:\/\/modusportal.ba\/mojevijesti\/wp-json\/wp\/v2\/posts\/30212\/revisions"}],"wp:featuredmedia":[{"embeddable":true,"href":"https:\/\/modusportal.ba\/mojevijesti\/wp-json\/wp\/v2\/media\/30213"}],"wp:attachment":[{"href":"https:\/\/modusportal.ba\/mojevijesti\/wp-json\/wp\/v2\/media?parent=30212"}],"wp:term":[{"taxonomy":"category","embeddable":true,"href":"https:\/\/modusportal.ba\/mojevijesti\/wp-json\/wp\/v2\/categories?post=30212"},{"taxonomy":"post_tag","embeddable":true,"href":"https:\/\/modusportal.ba\/mojevijesti\/wp-json\/wp\/v2\/tags?post=30212"}],"curies":[{"name":"wp","href":"https:\/\/api.w.org\/{rel}","templated":true}]}}