{"id":30220,"date":"2025-09-05T14:01:59","date_gmt":"2025-09-05T14:01:59","guid":{"rendered":"https:\/\/modusportal.ba\/mojevijesti\/2025\/09\/05\/da-li-ce-gradani-od-1-januara-imati-dodatno-vece-racune-za-struju\/"},"modified":"2025-09-05T14:01:59","modified_gmt":"2025-09-05T14:01:59","slug":"da-li-ce-gradani-od-1-januara-imati-dodatno-vece-racune-za-struju","status":"publish","type":"post","link":"https:\/\/modusportal.ba\/mojevijesti\/2025\/09\/05\/da-li-ce-gradani-od-1-januara-imati-dodatno-vece-racune-za-struju\/","title":{"rendered":"Da li \u0107e gra\u0111ani od 1. januara imati dodatno ve\u0107e ra\u010dune za struju?"},"content":{"rendered":"<p><\/p>\n<p><img loading=\"lazy\" decoding=\"async\" loading=\"lazy\" width=\"1024\" height=\"538\" src=\"https:\/\/cdn.fokus.ba\/wp-content\/uploads\/2024\/11\/struja-racuni-1024x538.webp\" class=\"attachment-large size-large wp-post-image\" alt=\"ra\u010dun za struju brojilo\"><\/p>\n<p>Mari\u0107 ka\u017ee da udru\u017eenja redovno \u0161alju dopise Regulatornoj komisiji sa zahtjevima, ali da se glas potro\u0161a\u010da u izvje\u0161tajima Komisije uop\u0161te ne vidi<\/p>\n<p><a href=\"https:\/\/www.fokus.ba\/vijesti\/bih\/da-li-ce-gradjani-od-1-januara-imati-dodatno-vece-racune-za-struju\/3490281\/\">Fokus.ba <\/a><\/p>\n","protected":false},"excerpt":{"rendered":"<p>Mari\u0107 ka\u017ee da udru\u017eenja redovno \u0161alju dopise Regulatornoj komisiji sa zahtjevima, ali da se glas potro\u0161a\u010da u izvje\u0161tajima Komisije uop\u0161te ne vidi Fokus.ba<\/p>\n","protected":false},"author":1,"featured_media":30221,"comment_status":"open","ping_status":"open","sticky":false,"template":"","format":"standard","meta":{"_siteseo_robots_primary_cat":"","footnotes":""},"categories":[],"tags":[],"class_list":["post-30220","post","type-post","status-publish","format-standard","has-post-thumbnail"],"_links":{"self":[{"href":"https:\/\/modusportal.ba\/mojevijesti\/wp-json\/wp\/v2\/posts\/30220","targetHints":{"allow":["GET"]}}],"collection":[{"href":"https:\/\/modusportal.ba\/mojevijesti\/wp-json\/wp\/v2\/posts"}],"about":[{"href":"https:\/\/modusportal.ba\/mojevijesti\/wp-json\/wp\/v2\/types\/post"}],"author":[{"embeddable":true,"href":"https:\/\/modusportal.ba\/mojevijesti\/wp-json\/wp\/v2\/users\/1"}],"replies":[{"embeddable":true,"href":"https:\/\/modusportal.ba\/mojevijesti\/wp-json\/wp\/v2\/comments?post=30220"}],"version-history":[{"count":0,"href":"https:\/\/modusportal.ba\/mojevijesti\/wp-json\/wp\/v2\/posts\/30220\/revisions"}],"wp:featuredmedia":[{"embeddable":true,"href":"https:\/\/modusportal.ba\/mojevijesti\/wp-json\/wp\/v2\/media\/30221"}],"wp:attachment":[{"href":"https:\/\/modusportal.ba\/mojevijesti\/wp-json\/wp\/v2\/media?parent=30220"}],"wp:term":[{"taxonomy":"category","embeddable":true,"href":"https:\/\/modusportal.ba\/mojevijesti\/wp-json\/wp\/v2\/categories?post=30220"},{"taxonomy":"post_tag","embeddable":true,"href":"https:\/\/modusportal.ba\/mojevijesti\/wp-json\/wp\/v2\/tags?post=30220"}],"curies":[{"name":"wp","href":"https:\/\/api.w.org\/{rel}","templated":true}]}}