{"id":30226,"date":"2025-09-06T08:33:07","date_gmt":"2025-09-06T08:33:07","guid":{"rendered":"https:\/\/modusportal.ba\/mojevijesti\/2025\/09\/06\/sef-odjela-za-politicke-aktivnosti-i-podrsku-nato-a-u-bih-ovo-nije-1992-godina\/"},"modified":"2025-09-06T08:33:07","modified_gmt":"2025-09-06T08:33:07","slug":"sef-odjela-za-politicke-aktivnosti-i-podrsku-nato-a-u-bih-ovo-nije-1992-godina","status":"publish","type":"post","link":"https:\/\/modusportal.ba\/mojevijesti\/2025\/09\/06\/sef-odjela-za-politicke-aktivnosti-i-podrsku-nato-a-u-bih-ovo-nije-1992-godina\/","title":{"rendered":"\u0160ef Odjela za politi\u010dke aktivnosti i podr\u0161ku NATO-a u BiH: \u201cOvo nije 1992. godina\u201d"},"content":{"rendered":"<p><\/p>\n<p><img loading=\"lazy\" decoding=\"async\" loading=\"lazy\" width=\"1024\" height=\"538\" src=\"https:\/\/cdn.fokus.ba\/wp-content\/uploads\/2025\/09\/vladimir-vucinic-1024x538.webp\" class=\"attachment-large size-large wp-post-image\" alt=\"vladimir vucinic\"><\/p>\n<p>Region zapadnog Balkana je od strate\u0161kog zna\u010daja, jer je stabilnost regiona va\u017ena za stabilnost Evrope i \u0161ireg euroatlantskog podru\u010dja, ka\u017ee Vladimir Vu\u010dini\u0107<\/p>\n<p><a href=\"https:\/\/www.fokus.ba\/vijesti\/bih\/sef-odjela-za-politicke-aktivnosti-i-podrsku-nato-a-u-bih-ovo-nije-1992-godina\/3490383\/\">Fokus.ba <\/a><\/p>\n","protected":false},"excerpt":{"rendered":"<p>Region zapadnog Balkana je od strate\u0161kog zna\u010daja, jer je stabilnost regiona va\u017ena za stabilnost Evrope i \u0161ireg euroatlantskog podru\u010dja, ka\u017ee Vladimir Vu\u010dini\u0107 Fokus.ba<\/p>\n","protected":false},"author":1,"featured_media":30227,"comment_status":"open","ping_status":"open","sticky":false,"template":"","format":"standard","meta":{"_siteseo_robots_primary_cat":"","footnotes":""},"categories":[],"tags":[],"class_list":["post-30226","post","type-post","status-publish","format-standard","has-post-thumbnail"],"_links":{"self":[{"href":"https:\/\/modusportal.ba\/mojevijesti\/wp-json\/wp\/v2\/posts\/30226","targetHints":{"allow":["GET"]}}],"collection":[{"href":"https:\/\/modusportal.ba\/mojevijesti\/wp-json\/wp\/v2\/posts"}],"about":[{"href":"https:\/\/modusportal.ba\/mojevijesti\/wp-json\/wp\/v2\/types\/post"}],"author":[{"embeddable":true,"href":"https:\/\/modusportal.ba\/mojevijesti\/wp-json\/wp\/v2\/users\/1"}],"replies":[{"embeddable":true,"href":"https:\/\/modusportal.ba\/mojevijesti\/wp-json\/wp\/v2\/comments?post=30226"}],"version-history":[{"count":0,"href":"https:\/\/modusportal.ba\/mojevijesti\/wp-json\/wp\/v2\/posts\/30226\/revisions"}],"wp:featuredmedia":[{"embeddable":true,"href":"https:\/\/modusportal.ba\/mojevijesti\/wp-json\/wp\/v2\/media\/30227"}],"wp:attachment":[{"href":"https:\/\/modusportal.ba\/mojevijesti\/wp-json\/wp\/v2\/media?parent=30226"}],"wp:term":[{"taxonomy":"category","embeddable":true,"href":"https:\/\/modusportal.ba\/mojevijesti\/wp-json\/wp\/v2\/categories?post=30226"},{"taxonomy":"post_tag","embeddable":true,"href":"https:\/\/modusportal.ba\/mojevijesti\/wp-json\/wp\/v2\/tags?post=30226"}],"curies":[{"name":"wp","href":"https:\/\/api.w.org\/{rel}","templated":true}]}}