{"id":30261,"date":"2025-09-11T06:32:57","date_gmt":"2025-09-11T06:32:57","guid":{"rendered":"https:\/\/modusportal.ba\/mojevijesti\/2025\/09\/11\/najvece-posljedice-odgadanja-usvajanja-budzeta-snose-zaposleni-u-institucijama-bih\/"},"modified":"2025-09-11T06:32:57","modified_gmt":"2025-09-11T06:32:57","slug":"najvece-posljedice-odgadanja-usvajanja-budzeta-snose-zaposleni-u-institucijama-bih","status":"publish","type":"post","link":"https:\/\/modusportal.ba\/mojevijesti\/2025\/09\/11\/najvece-posljedice-odgadanja-usvajanja-budzeta-snose-zaposleni-u-institucijama-bih\/","title":{"rendered":"Najve\u0107e posljedice odga\u0111anja usvajanja bud\u017eeta snose zaposleni u institucijama BiH"},"content":{"rendered":"<p><\/p>\n<p><img loading=\"lazy\" decoding=\"async\" loading=\"lazy\" width=\"1024\" height=\"538\" src=\"https:\/\/cdn.fokus.ba\/wp-content\/uploads\/2025\/09\/Muhamed-Hasanovic-1024x538.webp\" class=\"attachment-large size-large wp-post-image\" alt=\"Muhamed Hasanovi\u0107\"><\/p>\n<p>Predsjedni\u0161tvo Bosne i Hercegovine ju\u010der je na vanrednoj sjednici usvojilo zaklju\u010dke po kojima se Vije\u0107e ministara BiH zadu\u017euje da u roku od pet dana pripremi i dostavi Predsjedni\u0161tvu zakon o bud\u017eetu institucija BiH i me\u0111unarodnih obaveza BiH za 2025. godinu<\/p>\n<p><a href=\"https:\/\/www.fokus.ba\/vijesti\/bih\/najvece-posljedice-odgadjanja-usvajanja-budzeta-snose-zaposleni-u-institucijama-bih\/3491695\/\">Fokus.ba <\/a><\/p>\n","protected":false},"excerpt":{"rendered":"<p>Predsjedni\u0161tvo Bosne i Hercegovine ju\u010der je na vanrednoj sjednici usvojilo zaklju\u010dke po kojima se Vije\u0107e ministara BiH zadu\u017euje da u roku od pet dana pripremi i dostavi Predsjedni\u0161tvu zakon o bud\u017eetu institucija BiH i me\u0111unarodnih obaveza BiH za 2025. godinu Fokus.ba<\/p>\n","protected":false},"author":1,"featured_media":30262,"comment_status":"open","ping_status":"open","sticky":false,"template":"","format":"standard","meta":{"_siteseo_robots_primary_cat":"","footnotes":""},"categories":[],"tags":[],"class_list":["post-30261","post","type-post","status-publish","format-standard","has-post-thumbnail"],"_links":{"self":[{"href":"https:\/\/modusportal.ba\/mojevijesti\/wp-json\/wp\/v2\/posts\/30261","targetHints":{"allow":["GET"]}}],"collection":[{"href":"https:\/\/modusportal.ba\/mojevijesti\/wp-json\/wp\/v2\/posts"}],"about":[{"href":"https:\/\/modusportal.ba\/mojevijesti\/wp-json\/wp\/v2\/types\/post"}],"author":[{"embeddable":true,"href":"https:\/\/modusportal.ba\/mojevijesti\/wp-json\/wp\/v2\/users\/1"}],"replies":[{"embeddable":true,"href":"https:\/\/modusportal.ba\/mojevijesti\/wp-json\/wp\/v2\/comments?post=30261"}],"version-history":[{"count":0,"href":"https:\/\/modusportal.ba\/mojevijesti\/wp-json\/wp\/v2\/posts\/30261\/revisions"}],"wp:featuredmedia":[{"embeddable":true,"href":"https:\/\/modusportal.ba\/mojevijesti\/wp-json\/wp\/v2\/media\/30262"}],"wp:attachment":[{"href":"https:\/\/modusportal.ba\/mojevijesti\/wp-json\/wp\/v2\/media?parent=30261"}],"wp:term":[{"taxonomy":"category","embeddable":true,"href":"https:\/\/modusportal.ba\/mojevijesti\/wp-json\/wp\/v2\/categories?post=30261"},{"taxonomy":"post_tag","embeddable":true,"href":"https:\/\/modusportal.ba\/mojevijesti\/wp-json\/wp\/v2\/tags?post=30261"}],"curies":[{"name":"wp","href":"https:\/\/api.w.org\/{rel}","templated":true}]}}