{"id":30265,"date":"2025-09-11T19:05:24","date_gmt":"2025-09-11T19:05:24","guid":{"rendered":"https:\/\/modusportal.ba\/mojevijesti\/2025\/09\/11\/tariku-havericu-dodijeljena-prestizna-nagrada-zdravko-grebo\/"},"modified":"2025-09-11T19:05:24","modified_gmt":"2025-09-11T19:05:24","slug":"tariku-havericu-dodijeljena-prestizna-nagrada-zdravko-grebo","status":"publish","type":"post","link":"https:\/\/modusportal.ba\/mojevijesti\/2025\/09\/11\/tariku-havericu-dodijeljena-prestizna-nagrada-zdravko-grebo\/","title":{"rendered":"Tariku Haveri\u0107u dodijeljena presti\u017ena nagrada \u201cZdravko Grebo\u201d"},"content":{"rendered":"<p><\/p>\n<p><img loading=\"lazy\" decoding=\"async\" loading=\"lazy\" width=\"1024\" height=\"538\" src=\"https:\/\/cdn.fokus.ba\/wp-content\/uploads\/2025\/09\/VH-Dodjela-nagrdade-3-2-1024x538.jpg\" class=\"attachment-large size-large wp-post-image\" alt=\"tarik haveri\u0107\"><\/p>\n<p>Dodjelom nagrade koja nosi ime Zdravka Grebe, Tariku Haveri\u0107u se odaje priznanje ne samo za njegov opus, ve\u0107 i za moralnu i intelektualnu dosljednost kojom je ostao vjeran misiji kriti\u010dkog uma i javne odgovornosti<\/p>\n<p><a href=\"https:\/\/www.fokus.ba\/vijesti\/bih\/tariku-havericu-dodijeljena-prestizna-nagrada-zdravko-grebo\/3491958\/\">Fokus.ba <\/a><\/p>\n","protected":false},"excerpt":{"rendered":"<p>Dodjelom nagrade koja nosi ime Zdravka Grebe, Tariku Haveri\u0107u se odaje priznanje ne samo za njegov opus, ve\u0107 i za moralnu i intelektualnu dosljednost kojom je ostao vjeran misiji kriti\u010dkog uma i javne odgovornosti Fokus.ba<\/p>\n","protected":false},"author":1,"featured_media":30266,"comment_status":"open","ping_status":"open","sticky":false,"template":"","format":"standard","meta":{"_siteseo_robots_primary_cat":"","footnotes":""},"categories":[],"tags":[],"class_list":["post-30265","post","type-post","status-publish","format-standard","has-post-thumbnail"],"_links":{"self":[{"href":"https:\/\/modusportal.ba\/mojevijesti\/wp-json\/wp\/v2\/posts\/30265","targetHints":{"allow":["GET"]}}],"collection":[{"href":"https:\/\/modusportal.ba\/mojevijesti\/wp-json\/wp\/v2\/posts"}],"about":[{"href":"https:\/\/modusportal.ba\/mojevijesti\/wp-json\/wp\/v2\/types\/post"}],"author":[{"embeddable":true,"href":"https:\/\/modusportal.ba\/mojevijesti\/wp-json\/wp\/v2\/users\/1"}],"replies":[{"embeddable":true,"href":"https:\/\/modusportal.ba\/mojevijesti\/wp-json\/wp\/v2\/comments?post=30265"}],"version-history":[{"count":0,"href":"https:\/\/modusportal.ba\/mojevijesti\/wp-json\/wp\/v2\/posts\/30265\/revisions"}],"wp:featuredmedia":[{"embeddable":true,"href":"https:\/\/modusportal.ba\/mojevijesti\/wp-json\/wp\/v2\/media\/30266"}],"wp:attachment":[{"href":"https:\/\/modusportal.ba\/mojevijesti\/wp-json\/wp\/v2\/media?parent=30265"}],"wp:term":[{"taxonomy":"category","embeddable":true,"href":"https:\/\/modusportal.ba\/mojevijesti\/wp-json\/wp\/v2\/categories?post=30265"},{"taxonomy":"post_tag","embeddable":true,"href":"https:\/\/modusportal.ba\/mojevijesti\/wp-json\/wp\/v2\/tags?post=30265"}],"curies":[{"name":"wp","href":"https:\/\/api.w.org\/{rel}","templated":true}]}}