{"id":30273,"date":"2025-09-12T20:06:24","date_gmt":"2025-09-12T20:06:24","guid":{"rendered":"https:\/\/modusportal.ba\/mojevijesti\/2025\/09\/12\/postavljena-gigantska-antena-na-vlasicu-koja-pokriva-22-digitalne-regije-forto-manje-suma-vise-slike-i-u-tehnici-i-u-politici\/"},"modified":"2025-09-12T20:06:24","modified_gmt":"2025-09-12T20:06:24","slug":"postavljena-gigantska-antena-na-vlasicu-koja-pokriva-22-digitalne-regije-forto-manje-suma-vise-slike-i-u-tehnici-i-u-politici","status":"publish","type":"post","link":"https:\/\/modusportal.ba\/mojevijesti\/2025\/09\/12\/postavljena-gigantska-antena-na-vlasicu-koja-pokriva-22-digitalne-regije-forto-manje-suma-vise-slike-i-u-tehnici-i-u-politici\/","title":{"rendered":"Postavljena gigantska antena na Vla\u0161i\u0107u koja pokriva 22 digitalne regije, Forto: \u201cManje \u0161uma, vi\u0161e slike \u2013 i u tehnici i u politici\u201d"},"content":{"rendered":"<p><\/p>\n<p><img loading=\"lazy\" decoding=\"async\" loading=\"lazy\" width=\"1024\" height=\"538\" src=\"https:\/\/cdn.fokus.ba\/wp-content\/uploads\/2025\/09\/antena-na-vlasicu-1024x538.webp\" class=\"attachment-large size-large wp-post-image\" alt=\"antena na vlasicu\"><\/p>\n<p>Digitalno doba kona\u010dno sti\u017ee u BiH: 1. jula 2025. po\u010delo je zemaljsko digitalno emitiranje javnog RTV programa u Sarajevu, Banjoj Luci i Mostaru<\/p>\n<p><a href=\"https:\/\/www.fokus.ba\/vijesti\/bih\/postavljena-gigantska-antena-na-vlasicu-koja-pokriva-22-digitalne-regije-forto-manje-suma-vise-slike-i-u-tehnici-i-u-politici\/3492211\/\">Fokus.ba <\/a><\/p>\n","protected":false},"excerpt":{"rendered":"<p>Digitalno doba kona\u010dno sti\u017ee u BiH: 1. jula 2025. po\u010delo je zemaljsko digitalno emitiranje javnog RTV programa u Sarajevu, Banjoj Luci i Mostaru Fokus.ba<\/p>\n","protected":false},"author":1,"featured_media":30274,"comment_status":"open","ping_status":"open","sticky":false,"template":"","format":"standard","meta":{"_siteseo_robots_primary_cat":"","footnotes":""},"categories":[],"tags":[],"class_list":["post-30273","post","type-post","status-publish","format-standard","has-post-thumbnail"],"_links":{"self":[{"href":"https:\/\/modusportal.ba\/mojevijesti\/wp-json\/wp\/v2\/posts\/30273","targetHints":{"allow":["GET"]}}],"collection":[{"href":"https:\/\/modusportal.ba\/mojevijesti\/wp-json\/wp\/v2\/posts"}],"about":[{"href":"https:\/\/modusportal.ba\/mojevijesti\/wp-json\/wp\/v2\/types\/post"}],"author":[{"embeddable":true,"href":"https:\/\/modusportal.ba\/mojevijesti\/wp-json\/wp\/v2\/users\/1"}],"replies":[{"embeddable":true,"href":"https:\/\/modusportal.ba\/mojevijesti\/wp-json\/wp\/v2\/comments?post=30273"}],"version-history":[{"count":0,"href":"https:\/\/modusportal.ba\/mojevijesti\/wp-json\/wp\/v2\/posts\/30273\/revisions"}],"wp:featuredmedia":[{"embeddable":true,"href":"https:\/\/modusportal.ba\/mojevijesti\/wp-json\/wp\/v2\/media\/30274"}],"wp:attachment":[{"href":"https:\/\/modusportal.ba\/mojevijesti\/wp-json\/wp\/v2\/media?parent=30273"}],"wp:term":[{"taxonomy":"category","embeddable":true,"href":"https:\/\/modusportal.ba\/mojevijesti\/wp-json\/wp\/v2\/categories?post=30273"},{"taxonomy":"post_tag","embeddable":true,"href":"https:\/\/modusportal.ba\/mojevijesti\/wp-json\/wp\/v2\/tags?post=30273"}],"curies":[{"name":"wp","href":"https:\/\/api.w.org\/{rel}","templated":true}]}}