{"id":30281,"date":"2025-09-14T02:42:50","date_gmt":"2025-09-14T02:42:50","guid":{"rendered":"https:\/\/modusportal.ba\/mojevijesti\/2025\/09\/14\/u-bih-sutra-pretezno-oblacno-s-kisom-pljuskovima-i-grmljavinom\/"},"modified":"2025-09-14T02:42:50","modified_gmt":"2025-09-14T02:42:50","slug":"u-bih-sutra-pretezno-oblacno-s-kisom-pljuskovima-i-grmljavinom","status":"publish","type":"post","link":"https:\/\/modusportal.ba\/mojevijesti\/2025\/09\/14\/u-bih-sutra-pretezno-oblacno-s-kisom-pljuskovima-i-grmljavinom\/","title":{"rendered":"U BiH sutra prete\u017eno obla\u010dno s ki\u0161om, pljuskovima i grmljavinom"},"content":{"rendered":"<p><\/p>\n<p><img loading=\"lazy\" decoding=\"async\" loading=\"lazy\" width=\"1024\" height=\"578\" src=\"https:\/\/cdn.fokus.ba\/wp-content\/uploads\/2025\/08\/vrijeme-mostar-kisa-1024x578.webp\" class=\"attachment-large size-large wp-post-image\" alt=\"vrijeme mostar kisa\"><\/p>\n<p>Danas je bilo sun\u010dano vrijeme uz malu do umjerenu obla\u010dnost. Prije podne po kotlinama Bosne i uz rije\u010dne tokove je preovladavala magla i niska naoblaka<\/p>\n<p><a href=\"https:\/\/www.fokus.ba\/vijesti\/bih\/u-bih-sutra-pretezno-oblacno-s-kisom-pljuskovima-i-grmljavinom\/3492334\/\">Fokus.ba <\/a><\/p>\n","protected":false},"excerpt":{"rendered":"<p>Danas je bilo sun\u010dano vrijeme uz malu do umjerenu obla\u010dnost. Prije podne po kotlinama Bosne i uz rije\u010dne tokove je preovladavala magla i niska naoblaka Fokus.ba<\/p>\n","protected":false},"author":1,"featured_media":29959,"comment_status":"open","ping_status":"open","sticky":false,"template":"","format":"standard","meta":{"_siteseo_robots_primary_cat":"","footnotes":""},"categories":[],"tags":[],"class_list":["post-30281","post","type-post","status-publish","format-standard","has-post-thumbnail"],"_links":{"self":[{"href":"https:\/\/modusportal.ba\/mojevijesti\/wp-json\/wp\/v2\/posts\/30281","targetHints":{"allow":["GET"]}}],"collection":[{"href":"https:\/\/modusportal.ba\/mojevijesti\/wp-json\/wp\/v2\/posts"}],"about":[{"href":"https:\/\/modusportal.ba\/mojevijesti\/wp-json\/wp\/v2\/types\/post"}],"author":[{"embeddable":true,"href":"https:\/\/modusportal.ba\/mojevijesti\/wp-json\/wp\/v2\/users\/1"}],"replies":[{"embeddable":true,"href":"https:\/\/modusportal.ba\/mojevijesti\/wp-json\/wp\/v2\/comments?post=30281"}],"version-history":[{"count":0,"href":"https:\/\/modusportal.ba\/mojevijesti\/wp-json\/wp\/v2\/posts\/30281\/revisions"}],"wp:featuredmedia":[{"embeddable":true,"href":"https:\/\/modusportal.ba\/mojevijesti\/wp-json\/wp\/v2\/media\/29959"}],"wp:attachment":[{"href":"https:\/\/modusportal.ba\/mojevijesti\/wp-json\/wp\/v2\/media?parent=30281"}],"wp:term":[{"taxonomy":"category","embeddable":true,"href":"https:\/\/modusportal.ba\/mojevijesti\/wp-json\/wp\/v2\/categories?post=30281"},{"taxonomy":"post_tag","embeddable":true,"href":"https:\/\/modusportal.ba\/mojevijesti\/wp-json\/wp\/v2\/tags?post=30281"}],"curies":[{"name":"wp","href":"https:\/\/api.w.org\/{rel}","templated":true}]}}