{"id":30284,"date":"2025-09-14T15:00:06","date_gmt":"2025-09-14T15:00:06","guid":{"rendered":"https:\/\/modusportal.ba\/mojevijesti\/2025\/09\/14\/status-grada-u-fbih-imaju-23-lokalne-zajednice-sta-to-zapravo-u-praksi-znaci\/"},"modified":"2025-09-14T15:00:06","modified_gmt":"2025-09-14T15:00:06","slug":"status-grada-u-fbih-imaju-23-lokalne-zajednice-sta-to-zapravo-u-praksi-znaci","status":"publish","type":"post","link":"https:\/\/modusportal.ba\/mojevijesti\/2025\/09\/14\/status-grada-u-fbih-imaju-23-lokalne-zajednice-sta-to-zapravo-u-praksi-znaci\/","title":{"rendered":"Status grada u FBiH imaju 23 lokalne zajednice: \u0160ta to zapravo u praksi zna\u010di?"},"content":{"rendered":"<p><\/p>\n<p><img loading=\"lazy\" decoding=\"async\" loading=\"lazy\" width=\"1024\" height=\"538\" src=\"https:\/\/cdn.fokus.ba\/wp-content\/uploads\/2025\/09\/grad-mostar-1024x538.jpg\" class=\"attachment-large size-large wp-post-image\" alt=\"grad mostar\"><\/p>\n<p>Odluka da se Kiseljak proglasi gradom u junu ove godine nije dobila podr\u0161ku Doma naroda Parlamenta Federacije BiH, dok inicijativa Tomislavgrada \u010deka o\u010ditovanje Vlade FBiH<\/p>\n<p><a href=\"https:\/\/www.fokus.ba\/vijesti\/bih\/status-grada-u-fbih-imaju-23-lokalne-zajednice-sta-to-zapravo-u-praksi-znaci\/3492455\/\">Fokus.ba <\/a><\/p>\n","protected":false},"excerpt":{"rendered":"<p>Odluka da se Kiseljak proglasi gradom u junu ove godine nije dobila podr\u0161ku Doma naroda Parlamenta Federacije BiH, dok inicijativa Tomislavgrada \u010deka o\u010ditovanje Vlade FBiH Fokus.ba<\/p>\n","protected":false},"author":1,"featured_media":30285,"comment_status":"open","ping_status":"open","sticky":false,"template":"","format":"standard","meta":{"_siteseo_robots_primary_cat":"","footnotes":""},"categories":[],"tags":[],"class_list":["post-30284","post","type-post","status-publish","format-standard","has-post-thumbnail"],"_links":{"self":[{"href":"https:\/\/modusportal.ba\/mojevijesti\/wp-json\/wp\/v2\/posts\/30284","targetHints":{"allow":["GET"]}}],"collection":[{"href":"https:\/\/modusportal.ba\/mojevijesti\/wp-json\/wp\/v2\/posts"}],"about":[{"href":"https:\/\/modusportal.ba\/mojevijesti\/wp-json\/wp\/v2\/types\/post"}],"author":[{"embeddable":true,"href":"https:\/\/modusportal.ba\/mojevijesti\/wp-json\/wp\/v2\/users\/1"}],"replies":[{"embeddable":true,"href":"https:\/\/modusportal.ba\/mojevijesti\/wp-json\/wp\/v2\/comments?post=30284"}],"version-history":[{"count":0,"href":"https:\/\/modusportal.ba\/mojevijesti\/wp-json\/wp\/v2\/posts\/30284\/revisions"}],"wp:featuredmedia":[{"embeddable":true,"href":"https:\/\/modusportal.ba\/mojevijesti\/wp-json\/wp\/v2\/media\/30285"}],"wp:attachment":[{"href":"https:\/\/modusportal.ba\/mojevijesti\/wp-json\/wp\/v2\/media?parent=30284"}],"wp:term":[{"taxonomy":"category","embeddable":true,"href":"https:\/\/modusportal.ba\/mojevijesti\/wp-json\/wp\/v2\/categories?post=30284"},{"taxonomy":"post_tag","embeddable":true,"href":"https:\/\/modusportal.ba\/mojevijesti\/wp-json\/wp\/v2\/tags?post=30284"}],"curies":[{"name":"wp","href":"https:\/\/api.w.org\/{rel}","templated":true}]}}