{"id":30295,"date":"2025-09-16T04:00:53","date_gmt":"2025-09-16T04:00:53","guid":{"rendered":"https:\/\/modusportal.ba\/mojevijesti\/2025\/09\/16\/jos-nema-novca-za-prijevremene-izbore-u-rs-hoce-li-na-kraju-schmidt-reagovati\/"},"modified":"2025-09-16T04:00:53","modified_gmt":"2025-09-16T04:00:53","slug":"jos-nema-novca-za-prijevremene-izbore-u-rs-hoce-li-na-kraju-schmidt-reagovati","status":"publish","type":"post","link":"https:\/\/modusportal.ba\/mojevijesti\/2025\/09\/16\/jos-nema-novca-za-prijevremene-izbore-u-rs-hoce-li-na-kraju-schmidt-reagovati\/","title":{"rendered":"Jo\u0161 nema novca za prijevremene izbore u RS: Ho\u0107e li na kraju Schmidt reagovati?"},"content":{"rendered":"<p><\/p>\n<p><img loading=\"lazy\" decoding=\"async\" loading=\"lazy\" width=\"1024\" height=\"538\" src=\"https:\/\/cdn.fokus.ba\/wp-content\/uploads\/2024\/10\/lokalni-izbori-2024-1024x538.webp\" class=\"attachment-large size-large wp-post-image\" alt=\"\"><\/p>\n<p>&#8220;Ovdje su bitni sati, a ne dani, obzirom da se izbori moraju odr\u017eati u roku od 90 dana. Ve\u0107 je pro\u0161lo 15-16 dana od dono\u0161enja odluke o prijevremenim izborima. Svaki dan je apsolutno kriti\u010dan&#8221;, rekao je \u0160ehi\u0107<\/p>\n<p><a href=\"https:\/\/www.fokus.ba\/vijesti\/bih\/jos-nema-novca-za-prijevremene-izbore-u-rs-hoce-li-na-kraju-schmidt-reagovati\/3492730\/\">Fokus.ba <\/a><\/p>\n","protected":false},"excerpt":{"rendered":"<p>&#8220;Ovdje su bitni sati, a ne dani, obzirom da se izbori moraju odr\u017eati u roku od 90 dana. Ve\u0107 je pro\u0161lo 15-16 dana od dono\u0161enja odluke o prijevremenim izborima. Svaki dan je apsolutno kriti\u010dan&#8221;, rekao je \u0160ehi\u0107 Fokus.ba<\/p>\n","protected":false},"author":1,"featured_media":30296,"comment_status":"open","ping_status":"open","sticky":false,"template":"","format":"standard","meta":{"_siteseo_robots_primary_cat":"","footnotes":""},"categories":[],"tags":[],"class_list":["post-30295","post","type-post","status-publish","format-standard","has-post-thumbnail"],"_links":{"self":[{"href":"https:\/\/modusportal.ba\/mojevijesti\/wp-json\/wp\/v2\/posts\/30295","targetHints":{"allow":["GET"]}}],"collection":[{"href":"https:\/\/modusportal.ba\/mojevijesti\/wp-json\/wp\/v2\/posts"}],"about":[{"href":"https:\/\/modusportal.ba\/mojevijesti\/wp-json\/wp\/v2\/types\/post"}],"author":[{"embeddable":true,"href":"https:\/\/modusportal.ba\/mojevijesti\/wp-json\/wp\/v2\/users\/1"}],"replies":[{"embeddable":true,"href":"https:\/\/modusportal.ba\/mojevijesti\/wp-json\/wp\/v2\/comments?post=30295"}],"version-history":[{"count":0,"href":"https:\/\/modusportal.ba\/mojevijesti\/wp-json\/wp\/v2\/posts\/30295\/revisions"}],"wp:featuredmedia":[{"embeddable":true,"href":"https:\/\/modusportal.ba\/mojevijesti\/wp-json\/wp\/v2\/media\/30296"}],"wp:attachment":[{"href":"https:\/\/modusportal.ba\/mojevijesti\/wp-json\/wp\/v2\/media?parent=30295"}],"wp:term":[{"taxonomy":"category","embeddable":true,"href":"https:\/\/modusportal.ba\/mojevijesti\/wp-json\/wp\/v2\/categories?post=30295"},{"taxonomy":"post_tag","embeddable":true,"href":"https:\/\/modusportal.ba\/mojevijesti\/wp-json\/wp\/v2\/tags?post=30295"}],"curies":[{"name":"wp","href":"https:\/\/api.w.org\/{rel}","templated":true}]}}