{"id":30313,"date":"2025-09-18T12:57:32","date_gmt":"2025-09-18T12:57:32","guid":{"rendered":"https:\/\/modusportal.ba\/mojevijesti\/2025\/09\/18\/mitropolit-hrizostom-preuzeo-predsjedavanje-medureligijskim-vijecem-bih\/"},"modified":"2025-09-18T12:57:32","modified_gmt":"2025-09-18T12:57:32","slug":"mitropolit-hrizostom-preuzeo-predsjedavanje-medureligijskim-vijecem-bih","status":"publish","type":"post","link":"https:\/\/modusportal.ba\/mojevijesti\/2025\/09\/18\/mitropolit-hrizostom-preuzeo-predsjedavanje-medureligijskim-vijecem-bih\/","title":{"rendered":"Mitropolit Hrizostom preuzeo predsjedavanje Me\u0111ureligijskim vije\u0107em BiH"},"content":{"rendered":"<p><\/p>\n<p><img loading=\"lazy\" decoding=\"async\" loading=\"lazy\" width=\"1024\" height=\"538\" src=\"https:\/\/cdn.fokus.ba\/wp-content\/uploads\/2025\/09\/hrizostom-fena-1024x538.jpg\" class=\"attachment-large size-large wp-post-image\" alt=\"hrizostom\"><\/p>\n<p>Tokom sjednice razmatrane su i teku\u0107e aktivnosti Vije\u0107a, kao i izve\u0161taj o radu u prethodnom periodu kada je Katoli\u010dka crkva imala ulogu predsjedavaju\u0107e vjerske zajednice<\/p>\n<p><a href=\"https:\/\/www.fokus.ba\/vijesti\/bih\/mitropolit-hrizostom-preuzeo-predsjedavanje-medjureligijskim-vijecem-bih\/3493690\/\">Fokus.ba <\/a><\/p>\n","protected":false},"excerpt":{"rendered":"<p>Tokom sjednice razmatrane su i teku\u0107e aktivnosti Vije\u0107a, kao i izve\u0161taj o radu u prethodnom periodu kada je Katoli\u010dka crkva imala ulogu predsjedavaju\u0107e vjerske zajednice Fokus.ba<\/p>\n","protected":false},"author":1,"featured_media":30314,"comment_status":"open","ping_status":"open","sticky":false,"template":"","format":"standard","meta":{"_siteseo_robots_primary_cat":"","footnotes":""},"categories":[],"tags":[],"class_list":["post-30313","post","type-post","status-publish","format-standard","has-post-thumbnail"],"_links":{"self":[{"href":"https:\/\/modusportal.ba\/mojevijesti\/wp-json\/wp\/v2\/posts\/30313","targetHints":{"allow":["GET"]}}],"collection":[{"href":"https:\/\/modusportal.ba\/mojevijesti\/wp-json\/wp\/v2\/posts"}],"about":[{"href":"https:\/\/modusportal.ba\/mojevijesti\/wp-json\/wp\/v2\/types\/post"}],"author":[{"embeddable":true,"href":"https:\/\/modusportal.ba\/mojevijesti\/wp-json\/wp\/v2\/users\/1"}],"replies":[{"embeddable":true,"href":"https:\/\/modusportal.ba\/mojevijesti\/wp-json\/wp\/v2\/comments?post=30313"}],"version-history":[{"count":0,"href":"https:\/\/modusportal.ba\/mojevijesti\/wp-json\/wp\/v2\/posts\/30313\/revisions"}],"wp:featuredmedia":[{"embeddable":true,"href":"https:\/\/modusportal.ba\/mojevijesti\/wp-json\/wp\/v2\/media\/30314"}],"wp:attachment":[{"href":"https:\/\/modusportal.ba\/mojevijesti\/wp-json\/wp\/v2\/media?parent=30313"}],"wp:term":[{"taxonomy":"category","embeddable":true,"href":"https:\/\/modusportal.ba\/mojevijesti\/wp-json\/wp\/v2\/categories?post=30313"},{"taxonomy":"post_tag","embeddable":true,"href":"https:\/\/modusportal.ba\/mojevijesti\/wp-json\/wp\/v2\/tags?post=30313"}],"curies":[{"name":"wp","href":"https:\/\/api.w.org\/{rel}","templated":true}]}}