{"id":30325,"date":"2025-09-20T02:38:43","date_gmt":"2025-09-20T02:38:43","guid":{"rendered":"https:\/\/modusportal.ba\/mojevijesti\/2025\/09\/20\/dodik-se-ne-oglasava-nakon-sto-se-saznalo-za-pranjicev-potpis-generalna-sekretarka-ima-objasnjenje\/"},"modified":"2025-09-20T02:38:43","modified_gmt":"2025-09-20T02:38:43","slug":"dodik-se-ne-oglasava-nakon-sto-se-saznalo-za-pranjicev-potpis-generalna-sekretarka-ima-objasnjenje","status":"publish","type":"post","link":"https:\/\/modusportal.ba\/mojevijesti\/2025\/09\/20\/dodik-se-ne-oglasava-nakon-sto-se-saznalo-za-pranjicev-potpis-generalna-sekretarka-ima-objasnjenje\/","title":{"rendered":"Dodik se ne ogla\u0161ava nakon \u0161to se saznalo za Pranji\u0107ev potpis, generalna sekretarka ima obja\u0161njenje"},"content":{"rendered":"<p><\/p>\n<p><img loading=\"lazy\" decoding=\"async\" loading=\"lazy\" width=\"1024\" height=\"538\" src=\"https:\/\/cdn.fokus.ba\/wp-content\/uploads\/2025\/03\/Jelena-Pajic-Bastinac-1024x538.webp\" class=\"attachment-large size-large wp-post-image\" alt=\"Jelena Paji\u0107 Ba\u0161tinac\"><\/p>\n<p>&#8220;Pranji\u0107 mo\u017ee da potpisuje ukaze, ali samo nakon uvida i odobrenja predsjednika Republike Milorada Dodika&#8221;, tvrdi Jelena Paji\u0107 Ba\u0161tinac<\/p>\n<p><a href=\"https:\/\/www.fokus.ba\/vijesti\/bih\/dodik-se-ne-oglasava-nakon-sto-se-saznalo-za-pranjicev-potpis-generalna-sekretarka-ima-objasnjenje\/3494018\/\">Fokus.ba <\/a><\/p>\n","protected":false},"excerpt":{"rendered":"<p>&#8220;Pranji\u0107 mo\u017ee da potpisuje ukaze, ali samo nakon uvida i odobrenja predsjednika Republike Milorada Dodika&#8221;, tvrdi Jelena Paji\u0107 Ba\u0161tinac Fokus.ba<\/p>\n","protected":false},"author":1,"featured_media":30326,"comment_status":"open","ping_status":"open","sticky":false,"template":"","format":"standard","meta":{"_siteseo_robots_primary_cat":"","footnotes":""},"categories":[],"tags":[],"class_list":["post-30325","post","type-post","status-publish","format-standard","has-post-thumbnail"],"_links":{"self":[{"href":"https:\/\/modusportal.ba\/mojevijesti\/wp-json\/wp\/v2\/posts\/30325","targetHints":{"allow":["GET"]}}],"collection":[{"href":"https:\/\/modusportal.ba\/mojevijesti\/wp-json\/wp\/v2\/posts"}],"about":[{"href":"https:\/\/modusportal.ba\/mojevijesti\/wp-json\/wp\/v2\/types\/post"}],"author":[{"embeddable":true,"href":"https:\/\/modusportal.ba\/mojevijesti\/wp-json\/wp\/v2\/users\/1"}],"replies":[{"embeddable":true,"href":"https:\/\/modusportal.ba\/mojevijesti\/wp-json\/wp\/v2\/comments?post=30325"}],"version-history":[{"count":0,"href":"https:\/\/modusportal.ba\/mojevijesti\/wp-json\/wp\/v2\/posts\/30325\/revisions"}],"wp:featuredmedia":[{"embeddable":true,"href":"https:\/\/modusportal.ba\/mojevijesti\/wp-json\/wp\/v2\/media\/30326"}],"wp:attachment":[{"href":"https:\/\/modusportal.ba\/mojevijesti\/wp-json\/wp\/v2\/media?parent=30325"}],"wp:term":[{"taxonomy":"category","embeddable":true,"href":"https:\/\/modusportal.ba\/mojevijesti\/wp-json\/wp\/v2\/categories?post=30325"},{"taxonomy":"post_tag","embeddable":true,"href":"https:\/\/modusportal.ba\/mojevijesti\/wp-json\/wp\/v2\/tags?post=30325"}],"curies":[{"name":"wp","href":"https:\/\/api.w.org\/{rel}","templated":true}]}}