{"id":30327,"date":"2025-09-20T08:55:49","date_gmt":"2025-09-20T08:55:49","guid":{"rendered":"https:\/\/modusportal.ba\/mojevijesti\/2025\/09\/20\/tuzilastvo-bih-otvorilo-predmet-protiv-darka-culuma\/"},"modified":"2025-09-20T08:55:49","modified_gmt":"2025-09-20T08:55:49","slug":"tuzilastvo-bih-otvorilo-predmet-protiv-darka-culuma","status":"publish","type":"post","link":"https:\/\/modusportal.ba\/mojevijesti\/2025\/09\/20\/tuzilastvo-bih-otvorilo-predmet-protiv-darka-culuma\/","title":{"rendered":"Tu\u017eila\u0161tvo BiH otvorilo predmet protiv Darka \u0106uluma"},"content":{"rendered":"<p><\/p>\n<p><img loading=\"lazy\" decoding=\"async\" loading=\"lazy\" width=\"1024\" height=\"538\" src=\"https:\/\/cdn.fokus.ba\/wp-content\/uploads\/2024\/04\/darko-culum-sipa-1-1024x538.jpg\" class=\"attachment-large size-large wp-post-image\" alt=\"darko \u0107ulum sipa\"><\/p>\n<p>Dr\u017eavni zastupnici u Zastupni\u010dkom domu Parlamenta BiH, Jasmin Emri\u0107 i \u0160emsudin Mehmedovi\u0107, jo\u0161 prije skoro dva mjeseca podnijeli su Tu\u017eila\u0161tvu BiH kaznenu prijavu protiv Darka \u0106uluma, direktora Dr\u017eavne agencije za istrage i za\u0161titu<\/p>\n<p><a href=\"https:\/\/www.fokus.ba\/vijesti\/bih\/tuzilastvo-bih-otvorilo-predmet-protiv-darka-culuma\/3494046\/\">Fokus.ba <\/a><\/p>\n","protected":false},"excerpt":{"rendered":"<p>Dr\u017eavni zastupnici u Zastupni\u010dkom domu Parlamenta BiH, Jasmin Emri\u0107 i \u0160emsudin Mehmedovi\u0107, jo\u0161 prije skoro dva mjeseca podnijeli su Tu\u017eila\u0161tvu BiH kaznenu prijavu protiv Darka \u0106uluma, direktora Dr\u017eavne agencije za istrage i za\u0161titu Fokus.ba<\/p>\n","protected":false},"author":1,"featured_media":30141,"comment_status":"open","ping_status":"open","sticky":false,"template":"","format":"standard","meta":{"_siteseo_robots_primary_cat":"","footnotes":""},"categories":[],"tags":[],"class_list":["post-30327","post","type-post","status-publish","format-standard","has-post-thumbnail"],"_links":{"self":[{"href":"https:\/\/modusportal.ba\/mojevijesti\/wp-json\/wp\/v2\/posts\/30327","targetHints":{"allow":["GET"]}}],"collection":[{"href":"https:\/\/modusportal.ba\/mojevijesti\/wp-json\/wp\/v2\/posts"}],"about":[{"href":"https:\/\/modusportal.ba\/mojevijesti\/wp-json\/wp\/v2\/types\/post"}],"author":[{"embeddable":true,"href":"https:\/\/modusportal.ba\/mojevijesti\/wp-json\/wp\/v2\/users\/1"}],"replies":[{"embeddable":true,"href":"https:\/\/modusportal.ba\/mojevijesti\/wp-json\/wp\/v2\/comments?post=30327"}],"version-history":[{"count":0,"href":"https:\/\/modusportal.ba\/mojevijesti\/wp-json\/wp\/v2\/posts\/30327\/revisions"}],"wp:featuredmedia":[{"embeddable":true,"href":"https:\/\/modusportal.ba\/mojevijesti\/wp-json\/wp\/v2\/media\/30141"}],"wp:attachment":[{"href":"https:\/\/modusportal.ba\/mojevijesti\/wp-json\/wp\/v2\/media?parent=30327"}],"wp:term":[{"taxonomy":"category","embeddable":true,"href":"https:\/\/modusportal.ba\/mojevijesti\/wp-json\/wp\/v2\/categories?post=30327"},{"taxonomy":"post_tag","embeddable":true,"href":"https:\/\/modusportal.ba\/mojevijesti\/wp-json\/wp\/v2\/tags?post=30327"}],"curies":[{"name":"wp","href":"https:\/\/api.w.org\/{rel}","templated":true}]}}