{"id":30347,"date":"2025-09-23T04:57:32","date_gmt":"2025-09-23T04:57:32","guid":{"rendered":"https:\/\/modusportal.ba\/mojevijesti\/2025\/09\/23\/komsic-u-new-yorku-duh-povelje-un-a-nije-prevaziden-danas-nam-je-potrebniji-nego-ikada\/"},"modified":"2025-09-23T04:57:32","modified_gmt":"2025-09-23T04:57:32","slug":"komsic-u-new-yorku-duh-povelje-un-a-nije-prevaziden-danas-nam-je-potrebniji-nego-ikada","status":"publish","type":"post","link":"https:\/\/modusportal.ba\/mojevijesti\/2025\/09\/23\/komsic-u-new-yorku-duh-povelje-un-a-nije-prevaziden-danas-nam-je-potrebniji-nego-ikada\/","title":{"rendered":"Kom\u0161i\u0107 u New Yorku: Duh Povelje UN-a nije prevazi\u0111en, danas nam je potrebniji nego ikada"},"content":{"rendered":"<p><\/p>\n<p><img loading=\"lazy\" decoding=\"async\" loading=\"lazy\" width=\"1024\" height=\"538\" src=\"https:\/\/cdn.fokus.ba\/wp-content\/uploads\/2025\/09\/zeljko-komsic-un-1024x538.jpg\" class=\"attachment-large size-large wp-post-image\" alt=\"zeljko komsic un\"><\/p>\n<p>Neophodno je, poru\u010dio je Kom\u0161i\u0107, da se svi, bez kalkulacija, vratimo temeljnim vrijednostima Povelje: miru, pravdi, ljudskom dostojanstvu i jednakosti svih naroda i pojedinaca<\/p>\n<p><a href=\"https:\/\/www.fokus.ba\/vijesti\/bih\/komsic-u-new-yorku-duh-povelje-un-a-nije-prevazidjen-danas-nam-je-potrebniji-nego-ikada\/3494466\/\">Fokus.ba <\/a><\/p>\n","protected":false},"excerpt":{"rendered":"<p>Neophodno je, poru\u010dio je Kom\u0161i\u0107, da se svi, bez kalkulacija, vratimo temeljnim vrijednostima Povelje: miru, pravdi, ljudskom dostojanstvu i jednakosti svih naroda i pojedinaca Fokus.ba<\/p>\n","protected":false},"author":1,"featured_media":30348,"comment_status":"open","ping_status":"open","sticky":false,"template":"","format":"standard","meta":{"_siteseo_robots_primary_cat":"","footnotes":""},"categories":[],"tags":[],"class_list":["post-30347","post","type-post","status-publish","format-standard","has-post-thumbnail"],"_links":{"self":[{"href":"https:\/\/modusportal.ba\/mojevijesti\/wp-json\/wp\/v2\/posts\/30347","targetHints":{"allow":["GET"]}}],"collection":[{"href":"https:\/\/modusportal.ba\/mojevijesti\/wp-json\/wp\/v2\/posts"}],"about":[{"href":"https:\/\/modusportal.ba\/mojevijesti\/wp-json\/wp\/v2\/types\/post"}],"author":[{"embeddable":true,"href":"https:\/\/modusportal.ba\/mojevijesti\/wp-json\/wp\/v2\/users\/1"}],"replies":[{"embeddable":true,"href":"https:\/\/modusportal.ba\/mojevijesti\/wp-json\/wp\/v2\/comments?post=30347"}],"version-history":[{"count":0,"href":"https:\/\/modusportal.ba\/mojevijesti\/wp-json\/wp\/v2\/posts\/30347\/revisions"}],"wp:featuredmedia":[{"embeddable":true,"href":"https:\/\/modusportal.ba\/mojevijesti\/wp-json\/wp\/v2\/media\/30348"}],"wp:attachment":[{"href":"https:\/\/modusportal.ba\/mojevijesti\/wp-json\/wp\/v2\/media?parent=30347"}],"wp:term":[{"taxonomy":"category","embeddable":true,"href":"https:\/\/modusportal.ba\/mojevijesti\/wp-json\/wp\/v2\/categories?post=30347"},{"taxonomy":"post_tag","embeddable":true,"href":"https:\/\/modusportal.ba\/mojevijesti\/wp-json\/wp\/v2\/tags?post=30347"}],"curies":[{"name":"wp","href":"https:\/\/api.w.org\/{rel}","templated":true}]}}