{"id":30357,"date":"2025-09-24T18:08:34","date_gmt":"2025-09-24T18:08:34","guid":{"rendered":"https:\/\/modusportal.ba\/mojevijesti\/2025\/09\/24\/crnadak-ispricao-vic-kojim-je-ismijao-situaciju-u-republici-srpskoj-jako-je-naljutio-snsd-ovce\/"},"modified":"2025-09-24T18:08:34","modified_gmt":"2025-09-24T18:08:34","slug":"crnadak-ispricao-vic-kojim-je-ismijao-situaciju-u-republici-srpskoj-jako-je-naljutio-snsd-ovce","status":"publish","type":"post","link":"https:\/\/modusportal.ba\/mojevijesti\/2025\/09\/24\/crnadak-ispricao-vic-kojim-je-ismijao-situaciju-u-republici-srpskoj-jako-je-naljutio-snsd-ovce\/","title":{"rendered":"Crnadak ispri\u010dao vic kojim je ismijao situaciju u Republici Srpskoj, jako je naljutio SNSD-ovce"},"content":{"rendered":"<p><\/p>\n<p><img loading=\"lazy\" decoding=\"async\" loading=\"lazy\" width=\"1024\" height=\"538\" src=\"https:\/\/cdn.fokus.ba\/wp-content\/uploads\/2023\/10\/crnadak-1024x538.jpg\" class=\"attachment-large size-large wp-post-image\" alt=\"Igor Crnadak\"><\/p>\n<p>Njegov komentar nai\u0161ao je na podijeljene reakcije \u2013 dok je kod opozicionara izazvao smijeh, iz SNSD-a su uslijedile o\u0161tre replike uz komentare da se radi o &#8220;neozbiljnom pona\u0161anju&#8221;, te da nije vrijeme za viceve po\u0161to se raspravlja o &#8220;ozbiljnim pitanjima&#8221;<\/p>\n<p><a href=\"https:\/\/www.fokus.ba\/vijesti\/bih\/crnadak-ispricao-vic-kojim-je-ismijao-situaciju-u-republici-srpskoj-jako-je-naljutio-snsd-ovce\/3495133\/\">Fokus.ba <\/a><\/p>\n","protected":false},"excerpt":{"rendered":"<p>Njegov komentar nai\u0161ao je na podijeljene reakcije \u2013 dok je kod opozicionara izazvao smijeh, iz SNSD-a su uslijedile o\u0161tre replike uz komentare da se radi o &#8220;neozbiljnom pona\u0161anju&#8221;, te da nije vrijeme za viceve po\u0161to se raspravlja o &#8220;ozbiljnim pitanjima&#8221; Fokus.ba<\/p>\n","protected":false},"author":1,"featured_media":30358,"comment_status":"open","ping_status":"open","sticky":false,"template":"","format":"standard","meta":{"_siteseo_robots_primary_cat":"","footnotes":""},"categories":[],"tags":[],"class_list":["post-30357","post","type-post","status-publish","format-standard","has-post-thumbnail"],"_links":{"self":[{"href":"https:\/\/modusportal.ba\/mojevijesti\/wp-json\/wp\/v2\/posts\/30357","targetHints":{"allow":["GET"]}}],"collection":[{"href":"https:\/\/modusportal.ba\/mojevijesti\/wp-json\/wp\/v2\/posts"}],"about":[{"href":"https:\/\/modusportal.ba\/mojevijesti\/wp-json\/wp\/v2\/types\/post"}],"author":[{"embeddable":true,"href":"https:\/\/modusportal.ba\/mojevijesti\/wp-json\/wp\/v2\/users\/1"}],"replies":[{"embeddable":true,"href":"https:\/\/modusportal.ba\/mojevijesti\/wp-json\/wp\/v2\/comments?post=30357"}],"version-history":[{"count":0,"href":"https:\/\/modusportal.ba\/mojevijesti\/wp-json\/wp\/v2\/posts\/30357\/revisions"}],"wp:featuredmedia":[{"embeddable":true,"href":"https:\/\/modusportal.ba\/mojevijesti\/wp-json\/wp\/v2\/media\/30358"}],"wp:attachment":[{"href":"https:\/\/modusportal.ba\/mojevijesti\/wp-json\/wp\/v2\/media?parent=30357"}],"wp:term":[{"taxonomy":"category","embeddable":true,"href":"https:\/\/modusportal.ba\/mojevijesti\/wp-json\/wp\/v2\/categories?post=30357"},{"taxonomy":"post_tag","embeddable":true,"href":"https:\/\/modusportal.ba\/mojevijesti\/wp-json\/wp\/v2\/tags?post=30357"}],"curies":[{"name":"wp","href":"https:\/\/api.w.org\/{rel}","templated":true}]}}