{"id":30363,"date":"2025-09-25T12:16:14","date_gmt":"2025-09-25T12:16:14","guid":{"rendered":"https:\/\/modusportal.ba\/mojevijesti\/2025\/09\/25\/crnadak-minic-kaze-da-je-vlada-rs-legalna-sta-ako-ustavni-sud-presudi-da-nije\/"},"modified":"2025-09-25T12:16:14","modified_gmt":"2025-09-25T12:16:14","slug":"crnadak-minic-kaze-da-je-vlada-rs-legalna-sta-ako-ustavni-sud-presudi-da-nije","status":"publish","type":"post","link":"https:\/\/modusportal.ba\/mojevijesti\/2025\/09\/25\/crnadak-minic-kaze-da-je-vlada-rs-legalna-sta-ako-ustavni-sud-presudi-da-nije\/","title":{"rendered":"Crnadak: Mini\u0107 ka\u017ee da je Vlada RS legalna. \u0160ta ako Ustavni sud presudi da nije?"},"content":{"rendered":"<p><\/p>\n<p><img loading=\"lazy\" decoding=\"async\" loading=\"lazy\" width=\"1024\" height=\"538\" src=\"https:\/\/cdn.fokus.ba\/wp-content\/uploads\/2025\/08\/crnadak-1024x538.webp\" class=\"attachment-large size-large wp-post-image\" alt=\"\"><\/p>\n<p>Napominje da se za ozbiljnije kritike i analize jo\u0161 malo sa\u010deka<\/p>\n<p><a href=\"https:\/\/www.fokus.ba\/vijesti\/bih\/crnadak-minic-kaze-da-je-vlada-rs-legalna-sta-ako-ustavni-sud-presudi-da-nije\/3495417\/\">Fokus.ba <\/a><\/p>\n","protected":false},"excerpt":{"rendered":"<p>Napominje da se za ozbiljnije kritike i analize jo\u0161 malo sa\u010deka Fokus.ba<\/p>\n","protected":false},"author":1,"featured_media":30364,"comment_status":"open","ping_status":"open","sticky":false,"template":"","format":"standard","meta":{"_siteseo_robots_primary_cat":"","footnotes":""},"categories":[],"tags":[],"class_list":["post-30363","post","type-post","status-publish","format-standard","has-post-thumbnail"],"_links":{"self":[{"href":"https:\/\/modusportal.ba\/mojevijesti\/wp-json\/wp\/v2\/posts\/30363","targetHints":{"allow":["GET"]}}],"collection":[{"href":"https:\/\/modusportal.ba\/mojevijesti\/wp-json\/wp\/v2\/posts"}],"about":[{"href":"https:\/\/modusportal.ba\/mojevijesti\/wp-json\/wp\/v2\/types\/post"}],"author":[{"embeddable":true,"href":"https:\/\/modusportal.ba\/mojevijesti\/wp-json\/wp\/v2\/users\/1"}],"replies":[{"embeddable":true,"href":"https:\/\/modusportal.ba\/mojevijesti\/wp-json\/wp\/v2\/comments?post=30363"}],"version-history":[{"count":0,"href":"https:\/\/modusportal.ba\/mojevijesti\/wp-json\/wp\/v2\/posts\/30363\/revisions"}],"wp:featuredmedia":[{"embeddable":true,"href":"https:\/\/modusportal.ba\/mojevijesti\/wp-json\/wp\/v2\/media\/30364"}],"wp:attachment":[{"href":"https:\/\/modusportal.ba\/mojevijesti\/wp-json\/wp\/v2\/media?parent=30363"}],"wp:term":[{"taxonomy":"category","embeddable":true,"href":"https:\/\/modusportal.ba\/mojevijesti\/wp-json\/wp\/v2\/categories?post=30363"},{"taxonomy":"post_tag","embeddable":true,"href":"https:\/\/modusportal.ba\/mojevijesti\/wp-json\/wp\/v2\/tags?post=30363"}],"curies":[{"name":"wp","href":"https:\/\/api.w.org\/{rel}","templated":true}]}}