{"id":30369,"date":"2025-09-26T06:23:46","date_gmt":"2025-09-26T06:23:46","guid":{"rendered":"https:\/\/modusportal.ba\/mojevijesti\/2025\/09\/26\/godinu-dana-od-razornih-poplava-u-jablanici-neki-jos-nemaju-krov-nad-glavom\/"},"modified":"2025-09-26T06:23:46","modified_gmt":"2025-09-26T06:23:46","slug":"godinu-dana-od-razornih-poplava-u-jablanici-neki-jos-nemaju-krov-nad-glavom","status":"publish","type":"post","link":"https:\/\/modusportal.ba\/mojevijesti\/2025\/09\/26\/godinu-dana-od-razornih-poplava-u-jablanici-neki-jos-nemaju-krov-nad-glavom\/","title":{"rendered":"Godinu dana od razornih poplava u Jablanici, neki jo\u0161 nemaju krov nad glavom"},"content":{"rendered":"<p><\/p>\n<p><img loading=\"lazy\" decoding=\"async\" loading=\"lazy\" width=\"1024\" height=\"538\" src=\"https:\/\/cdn.fokus.ba\/wp-content\/uploads\/2025\/09\/donja-jablanica-obnova-1024x538.jpg\" class=\"attachment-large size-large wp-post-image\" alt=\"donja jablanica obnova\"><\/p>\n<p>O\u0161te\u0107eno je 50 ku\u0107a, a 22 su potpuno uni\u0161tene. \u017divote je izgubilo 19 stanovnika<\/p>\n<p><a href=\"https:\/\/www.fokus.ba\/vijesti\/bih\/godinu-dana-od-razornih-poplava-u-jablanici-neki-jos-nemaju-krov-nad-glavom\/3495539\/\">Fokus.ba <\/a><\/p>\n","protected":false},"excerpt":{"rendered":"<p>O\u0161te\u0107eno je 50 ku\u0107a, a 22 su potpuno uni\u0161tene. \u017divote je izgubilo 19 stanovnika Fokus.ba<\/p>\n","protected":false},"author":1,"featured_media":30370,"comment_status":"open","ping_status":"open","sticky":false,"template":"","format":"standard","meta":{"_siteseo_robots_primary_cat":"","footnotes":""},"categories":[],"tags":[],"class_list":["post-30369","post","type-post","status-publish","format-standard","has-post-thumbnail"],"_links":{"self":[{"href":"https:\/\/modusportal.ba\/mojevijesti\/wp-json\/wp\/v2\/posts\/30369","targetHints":{"allow":["GET"]}}],"collection":[{"href":"https:\/\/modusportal.ba\/mojevijesti\/wp-json\/wp\/v2\/posts"}],"about":[{"href":"https:\/\/modusportal.ba\/mojevijesti\/wp-json\/wp\/v2\/types\/post"}],"author":[{"embeddable":true,"href":"https:\/\/modusportal.ba\/mojevijesti\/wp-json\/wp\/v2\/users\/1"}],"replies":[{"embeddable":true,"href":"https:\/\/modusportal.ba\/mojevijesti\/wp-json\/wp\/v2\/comments?post=30369"}],"version-history":[{"count":0,"href":"https:\/\/modusportal.ba\/mojevijesti\/wp-json\/wp\/v2\/posts\/30369\/revisions"}],"wp:featuredmedia":[{"embeddable":true,"href":"https:\/\/modusportal.ba\/mojevijesti\/wp-json\/wp\/v2\/media\/30370"}],"wp:attachment":[{"href":"https:\/\/modusportal.ba\/mojevijesti\/wp-json\/wp\/v2\/media?parent=30369"}],"wp:term":[{"taxonomy":"category","embeddable":true,"href":"https:\/\/modusportal.ba\/mojevijesti\/wp-json\/wp\/v2\/categories?post=30369"},{"taxonomy":"post_tag","embeddable":true,"href":"https:\/\/modusportal.ba\/mojevijesti\/wp-json\/wp\/v2\/tags?post=30369"}],"curies":[{"name":"wp","href":"https:\/\/api.w.org\/{rel}","templated":true}]}}