{"id":30381,"date":"2025-09-27T19:17:02","date_gmt":"2025-09-27T19:17:02","guid":{"rendered":"https:\/\/modusportal.ba\/mojevijesti\/2025\/09\/27\/konakovic-se-u-new-yorku-sastao-sa-njemackom-ministricom-i-generalnim-sekretarom-osce-a\/"},"modified":"2025-09-27T19:17:02","modified_gmt":"2025-09-27T19:17:02","slug":"konakovic-se-u-new-yorku-sastao-sa-njemackom-ministricom-i-generalnim-sekretarom-osce-a","status":"publish","type":"post","link":"https:\/\/modusportal.ba\/mojevijesti\/2025\/09\/27\/konakovic-se-u-new-yorku-sastao-sa-njemackom-ministricom-i-generalnim-sekretarom-osce-a\/","title":{"rendered":"Konakovi\u0107 se u New Yorku sastao sa njema\u010dkom ministricom i generalnim sekretarom OSCE-a"},"content":{"rendered":"<p><\/p>\n<p><img loading=\"lazy\" decoding=\"async\" loading=\"lazy\" width=\"1024\" height=\"538\" src=\"https:\/\/cdn.fokus.ba\/wp-content\/uploads\/2025\/09\/konakovic-guller-1024x538.webp\" class=\"attachment-large size-large wp-post-image\" alt=\"\"><\/p>\n<p>Ministar Konakovi\u0107 je dr\u017eavnu ministricu G\u00fcler upoznao sa trenutnom politi\u010dkom situacijom u Bosni i Hercegovini, uklju\u010duju\u0107i izazove koje predstavljaju secesionisti\u010dke izjave i djelovanja predsjednika entiteta RS Milorada Dodika<\/p>\n<p><a href=\"https:\/\/www.fokus.ba\/vijesti\/bih\/konakovic-se-u-new-yorku-sastao-sa-njemackom-ministricom-i-generalnim-sekretarom-osce-a\/3495937\/\">Fokus.ba <\/a><\/p>\n","protected":false},"excerpt":{"rendered":"<p>Ministar Konakovi\u0107 je dr\u017eavnu ministricu G\u00fcler upoznao sa trenutnom politi\u010dkom situacijom u Bosni i Hercegovini, uklju\u010duju\u0107i izazove koje predstavljaju secesionisti\u010dke izjave i djelovanja predsjednika entiteta RS Milorada Dodika Fokus.ba<\/p>\n","protected":false},"author":1,"featured_media":30382,"comment_status":"open","ping_status":"open","sticky":false,"template":"","format":"standard","meta":{"_siteseo_robots_primary_cat":"","footnotes":""},"categories":[],"tags":[],"class_list":["post-30381","post","type-post","status-publish","format-standard","has-post-thumbnail"],"_links":{"self":[{"href":"https:\/\/modusportal.ba\/mojevijesti\/wp-json\/wp\/v2\/posts\/30381","targetHints":{"allow":["GET"]}}],"collection":[{"href":"https:\/\/modusportal.ba\/mojevijesti\/wp-json\/wp\/v2\/posts"}],"about":[{"href":"https:\/\/modusportal.ba\/mojevijesti\/wp-json\/wp\/v2\/types\/post"}],"author":[{"embeddable":true,"href":"https:\/\/modusportal.ba\/mojevijesti\/wp-json\/wp\/v2\/users\/1"}],"replies":[{"embeddable":true,"href":"https:\/\/modusportal.ba\/mojevijesti\/wp-json\/wp\/v2\/comments?post=30381"}],"version-history":[{"count":0,"href":"https:\/\/modusportal.ba\/mojevijesti\/wp-json\/wp\/v2\/posts\/30381\/revisions"}],"wp:featuredmedia":[{"embeddable":true,"href":"https:\/\/modusportal.ba\/mojevijesti\/wp-json\/wp\/v2\/media\/30382"}],"wp:attachment":[{"href":"https:\/\/modusportal.ba\/mojevijesti\/wp-json\/wp\/v2\/media?parent=30381"}],"wp:term":[{"taxonomy":"category","embeddable":true,"href":"https:\/\/modusportal.ba\/mojevijesti\/wp-json\/wp\/v2\/categories?post=30381"},{"taxonomy":"post_tag","embeddable":true,"href":"https:\/\/modusportal.ba\/mojevijesti\/wp-json\/wp\/v2\/tags?post=30381"}],"curies":[{"name":"wp","href":"https:\/\/api.w.org\/{rel}","templated":true}]}}