{"id":30385,"date":"2025-09-28T07:23:03","date_gmt":"2025-09-28T07:23:03","guid":{"rendered":"https:\/\/modusportal.ba\/mojevijesti\/2025\/09\/28\/spremaju-se-masovni-otkazi-u-javnom-preduzecu-u-rs-u-moglo-bi-otici-i-do-hiljadu-zaposlenih\/"},"modified":"2025-09-28T07:23:03","modified_gmt":"2025-09-28T07:23:03","slug":"spremaju-se-masovni-otkazi-u-javnom-preduzecu-u-rs-u-moglo-bi-otici-i-do-hiljadu-zaposlenih","status":"publish","type":"post","link":"https:\/\/modusportal.ba\/mojevijesti\/2025\/09\/28\/spremaju-se-masovni-otkazi-u-javnom-preduzecu-u-rs-u-moglo-bi-otici-i-do-hiljadu-zaposlenih\/","title":{"rendered":"Spremaju se masovni otkazi u javnom preduze\u0107u u RS-u, moglo bi oti\u0107i i do hiljadu zaposlenih!"},"content":{"rendered":"<p><\/p>\n<p><img loading=\"lazy\" decoding=\"async\" loading=\"lazy\" width=\"1024\" height=\"538\" src=\"https:\/\/cdn.fokus.ba\/wp-content\/uploads\/2025\/09\/minic-sume-rs-1024x538.webp\" class=\"attachment-large size-large wp-post-image\" alt=\"minic sume rs\"><\/p>\n<p>&#8220;Neradnici i kadrovi zaposleni po partijskim linijama osta\u0107e na poslu, dok \u0107e oni koji zaista rade, zbog malih plata, pre\u0107i u privatni sektor&#8221;<\/p>\n<p><a href=\"https:\/\/www.fokus.ba\/vijesti\/bih\/spremaju-se-masovni-otkazi-u-javnom-preduzecu-u-rs-u-moglo-bi-otici-i-do-hiljadu-zaposlenih\/3495999\/\">Fokus.ba <\/a><\/p>\n","protected":false},"excerpt":{"rendered":"<p>&#8220;Neradnici i kadrovi zaposleni po partijskim linijama osta\u0107e na poslu, dok \u0107e oni koji zaista rade, zbog malih plata, pre\u0107i u privatni sektor&#8221; Fokus.ba<\/p>\n","protected":false},"author":1,"featured_media":30386,"comment_status":"open","ping_status":"open","sticky":false,"template":"","format":"standard","meta":{"_siteseo_robots_primary_cat":"","footnotes":""},"categories":[],"tags":[],"class_list":["post-30385","post","type-post","status-publish","format-standard","has-post-thumbnail"],"_links":{"self":[{"href":"https:\/\/modusportal.ba\/mojevijesti\/wp-json\/wp\/v2\/posts\/30385","targetHints":{"allow":["GET"]}}],"collection":[{"href":"https:\/\/modusportal.ba\/mojevijesti\/wp-json\/wp\/v2\/posts"}],"about":[{"href":"https:\/\/modusportal.ba\/mojevijesti\/wp-json\/wp\/v2\/types\/post"}],"author":[{"embeddable":true,"href":"https:\/\/modusportal.ba\/mojevijesti\/wp-json\/wp\/v2\/users\/1"}],"replies":[{"embeddable":true,"href":"https:\/\/modusportal.ba\/mojevijesti\/wp-json\/wp\/v2\/comments?post=30385"}],"version-history":[{"count":0,"href":"https:\/\/modusportal.ba\/mojevijesti\/wp-json\/wp\/v2\/posts\/30385\/revisions"}],"wp:featuredmedia":[{"embeddable":true,"href":"https:\/\/modusportal.ba\/mojevijesti\/wp-json\/wp\/v2\/media\/30386"}],"wp:attachment":[{"href":"https:\/\/modusportal.ba\/mojevijesti\/wp-json\/wp\/v2\/media?parent=30385"}],"wp:term":[{"taxonomy":"category","embeddable":true,"href":"https:\/\/modusportal.ba\/mojevijesti\/wp-json\/wp\/v2\/categories?post=30385"},{"taxonomy":"post_tag","embeddable":true,"href":"https:\/\/modusportal.ba\/mojevijesti\/wp-json\/wp\/v2\/tags?post=30385"}],"curies":[{"name":"wp","href":"https:\/\/api.w.org\/{rel}","templated":true}]}}