{"id":30391,"date":"2025-09-29T01:37:18","date_gmt":"2025-09-29T01:37:18","guid":{"rendered":"https:\/\/modusportal.ba\/mojevijesti\/2025\/09\/29\/zapocinje-zastita-nacionalnog-spomenika-jevrejskog-groblja-u-bihacu\/"},"modified":"2025-09-29T01:37:18","modified_gmt":"2025-09-29T01:37:18","slug":"zapocinje-zastita-nacionalnog-spomenika-jevrejskog-groblja-u-bihacu","status":"publish","type":"post","link":"https:\/\/modusportal.ba\/mojevijesti\/2025\/09\/29\/zapocinje-zastita-nacionalnog-spomenika-jevrejskog-groblja-u-bihacu\/","title":{"rendered":"Zapo\u010dinje za\u0161tita nacionalnog spomenika \u2013 jevrejskog groblja u Biha\u0107u"},"content":{"rendered":"<p><\/p>\n<p><img loading=\"lazy\" decoding=\"async\" loading=\"lazy\" width=\"1024\" height=\"538\" src=\"https:\/\/cdn.fokus.ba\/wp-content\/uploads\/2025\/09\/jevrejsko-groblj-1024x538.webp\" class=\"attachment-large size-large wp-post-image\" alt=\"\"><\/p>\n<p>Direktorica Zavoda Midhada Mid\u017ei\u0107, isti\u010de da su za po\u010detak radova obezbije\u0111ena sredstva iz federalnog bud\u017eeta, te da se \u010deka zavr\u0161etak procedura kako bi ugovor s izvo\u0111a\u010dem bio potpisan<\/p>\n<p><a href=\"https:\/\/www.fokus.ba\/vijesti\/bih\/zapocinje-zastita-nacionalnog-spomenika-jevrejskog-groblja-u-bihacu\/3496022\/\">Fokus.ba <\/a><\/p>\n","protected":false},"excerpt":{"rendered":"<p>Direktorica Zavoda Midhada Mid\u017ei\u0107, isti\u010de da su za po\u010detak radova obezbije\u0111ena sredstva iz federalnog bud\u017eeta, te da se \u010deka zavr\u0161etak procedura kako bi ugovor s izvo\u0111a\u010dem bio potpisan Fokus.ba<\/p>\n","protected":false},"author":1,"featured_media":30392,"comment_status":"open","ping_status":"open","sticky":false,"template":"","format":"standard","meta":{"_siteseo_robots_primary_cat":"","footnotes":""},"categories":[],"tags":[],"class_list":["post-30391","post","type-post","status-publish","format-standard","has-post-thumbnail"],"_links":{"self":[{"href":"https:\/\/modusportal.ba\/mojevijesti\/wp-json\/wp\/v2\/posts\/30391","targetHints":{"allow":["GET"]}}],"collection":[{"href":"https:\/\/modusportal.ba\/mojevijesti\/wp-json\/wp\/v2\/posts"}],"about":[{"href":"https:\/\/modusportal.ba\/mojevijesti\/wp-json\/wp\/v2\/types\/post"}],"author":[{"embeddable":true,"href":"https:\/\/modusportal.ba\/mojevijesti\/wp-json\/wp\/v2\/users\/1"}],"replies":[{"embeddable":true,"href":"https:\/\/modusportal.ba\/mojevijesti\/wp-json\/wp\/v2\/comments?post=30391"}],"version-history":[{"count":0,"href":"https:\/\/modusportal.ba\/mojevijesti\/wp-json\/wp\/v2\/posts\/30391\/revisions"}],"wp:featuredmedia":[{"embeddable":true,"href":"https:\/\/modusportal.ba\/mojevijesti\/wp-json\/wp\/v2\/media\/30392"}],"wp:attachment":[{"href":"https:\/\/modusportal.ba\/mojevijesti\/wp-json\/wp\/v2\/media?parent=30391"}],"wp:term":[{"taxonomy":"category","embeddable":true,"href":"https:\/\/modusportal.ba\/mojevijesti\/wp-json\/wp\/v2\/categories?post=30391"},{"taxonomy":"post_tag","embeddable":true,"href":"https:\/\/modusportal.ba\/mojevijesti\/wp-json\/wp\/v2\/tags?post=30391"}],"curies":[{"name":"wp","href":"https:\/\/api.w.org\/{rel}","templated":true}]}}