{"id":30419,"date":"2025-10-02T14:54:27","date_gmt":"2025-10-02T14:54:27","guid":{"rendered":"https:\/\/modusportal.ba\/mojevijesti\/2025\/10\/02\/trojka-dodik-bi-i-dalje-dovodio-harmonikase-u-predsjednistvo-bih-da-je-sda-na-vlasti\/"},"modified":"2025-10-02T14:54:27","modified_gmt":"2025-10-02T14:54:27","slug":"trojka-dodik-bi-i-dalje-dovodio-harmonikase-u-predsjednistvo-bih-da-je-sda-na-vlasti","status":"publish","type":"post","link":"https:\/\/modusportal.ba\/mojevijesti\/2025\/10\/02\/trojka-dodik-bi-i-dalje-dovodio-harmonikase-u-predsjednistvo-bih-da-je-sda-na-vlasti\/","title":{"rendered":"Trojka: Dodik bi i dalje dovodio harmonika\u0161e u Predsjedni\u0161tvo BiH da je SDA na vlasti"},"content":{"rendered":"<p><\/p>\n<p><img loading=\"lazy\" decoding=\"async\" loading=\"lazy\" width=\"1024\" height=\"538\" src=\"https:\/\/cdn.fokus.ba\/wp-content\/uploads\/2025\/10\/dodik-harmonikas-u-predsjednistvu-bih-1024x538.webp\" class=\"attachment-large size-large wp-post-image\" alt=\"dodik harmonikas u predsjednistvu bih\"><\/p>\n<p>Na\u017ealost, niko ne pokazuje ve\u0107u tugu za politi\u010dkim krajem Dodika od SDA, \u0161to nas ne iznena\u0111uje nakon \u010dinjenice da je SDA poklonila Dodiku dva najve\u0107a poklona u \u017eivotu<\/p>\n<p><a href=\"https:\/\/www.fokus.ba\/vijesti\/bih\/trojka-dodik-bi-dalje-dovodio-harmonikase-u-predsjednistvo-bih-da-je-sda-na-vlasti\/3497136\/\">Fokus.ba <\/a><\/p>\n","protected":false},"excerpt":{"rendered":"<p>Na\u017ealost, niko ne pokazuje ve\u0107u tugu za politi\u010dkim krajem Dodika od SDA, \u0161to nas ne iznena\u0111uje nakon \u010dinjenice da je SDA poklonila Dodiku dva najve\u0107a poklona u \u017eivotu Fokus.ba<\/p>\n","protected":false},"author":1,"featured_media":30420,"comment_status":"open","ping_status":"open","sticky":false,"template":"","format":"standard","meta":{"_siteseo_robots_primary_cat":"","footnotes":""},"categories":[],"tags":[],"class_list":["post-30419","post","type-post","status-publish","format-standard","has-post-thumbnail"],"_links":{"self":[{"href":"https:\/\/modusportal.ba\/mojevijesti\/wp-json\/wp\/v2\/posts\/30419","targetHints":{"allow":["GET"]}}],"collection":[{"href":"https:\/\/modusportal.ba\/mojevijesti\/wp-json\/wp\/v2\/posts"}],"about":[{"href":"https:\/\/modusportal.ba\/mojevijesti\/wp-json\/wp\/v2\/types\/post"}],"author":[{"embeddable":true,"href":"https:\/\/modusportal.ba\/mojevijesti\/wp-json\/wp\/v2\/users\/1"}],"replies":[{"embeddable":true,"href":"https:\/\/modusportal.ba\/mojevijesti\/wp-json\/wp\/v2\/comments?post=30419"}],"version-history":[{"count":0,"href":"https:\/\/modusportal.ba\/mojevijesti\/wp-json\/wp\/v2\/posts\/30419\/revisions"}],"wp:featuredmedia":[{"embeddable":true,"href":"https:\/\/modusportal.ba\/mojevijesti\/wp-json\/wp\/v2\/media\/30420"}],"wp:attachment":[{"href":"https:\/\/modusportal.ba\/mojevijesti\/wp-json\/wp\/v2\/media?parent=30419"}],"wp:term":[{"taxonomy":"category","embeddable":true,"href":"https:\/\/modusportal.ba\/mojevijesti\/wp-json\/wp\/v2\/categories?post=30419"},{"taxonomy":"post_tag","embeddable":true,"href":"https:\/\/modusportal.ba\/mojevijesti\/wp-json\/wp\/v2\/tags?post=30419"}],"curies":[{"name":"wp","href":"https:\/\/api.w.org\/{rel}","templated":true}]}}