{"id":30427,"date":"2025-10-03T21:22:35","date_gmt":"2025-10-03T21:22:35","guid":{"rendered":"https:\/\/modusportal.ba\/mojevijesti\/2025\/10\/03\/konferencija-nasi-mediji-sloboda-izrazavanja-u-vanrednim-okolnostima\/"},"modified":"2025-10-03T21:22:35","modified_gmt":"2025-10-03T21:22:35","slug":"konferencija-nasi-mediji-sloboda-izrazavanja-u-vanrednim-okolnostima","status":"publish","type":"post","link":"https:\/\/modusportal.ba\/mojevijesti\/2025\/10\/03\/konferencija-nasi-mediji-sloboda-izrazavanja-u-vanrednim-okolnostima\/","title":{"rendered":"Konferencija \u201cNa\u0161i mediji\u201d: Sloboda izra\u017eavanja u vanrednim okolnostima"},"content":{"rendered":"<p><\/p>\n<p><img loading=\"lazy\" decoding=\"async\" loading=\"lazy\" width=\"1024\" height=\"538\" src=\"https:\/\/cdn.fokus.ba\/wp-content\/uploads\/2025\/10\/nasi-mediji-2-1024x538.jpg\" class=\"attachment-large size-large wp-post-image\" alt=\"\"><\/p>\n<p>Tokom konferencije predstavljeni su i rezultati regionalnog istra\u017eivanja o budu\u0107nosti medija i utjecaju profesionalnog novinarstva na demokratizaciju dru\u0161tva<\/p>\n<p><a href=\"https:\/\/www.fokus.ba\/vijesti\/bih\/konferencija-nasi-mediji-sloboda-izrazavanja-u-vanrednim-okolnostima\/3497487\/\">Fokus.ba <\/a><\/p>\n","protected":false},"excerpt":{"rendered":"<p>Tokom konferencije predstavljeni su i rezultati regionalnog istra\u017eivanja o budu\u0107nosti medija i utjecaju profesionalnog novinarstva na demokratizaciju dru\u0161tva Fokus.ba<\/p>\n","protected":false},"author":1,"featured_media":30428,"comment_status":"open","ping_status":"open","sticky":false,"template":"","format":"standard","meta":{"_siteseo_robots_primary_cat":"","footnotes":""},"categories":[],"tags":[],"class_list":["post-30427","post","type-post","status-publish","format-standard","has-post-thumbnail"],"_links":{"self":[{"href":"https:\/\/modusportal.ba\/mojevijesti\/wp-json\/wp\/v2\/posts\/30427","targetHints":{"allow":["GET"]}}],"collection":[{"href":"https:\/\/modusportal.ba\/mojevijesti\/wp-json\/wp\/v2\/posts"}],"about":[{"href":"https:\/\/modusportal.ba\/mojevijesti\/wp-json\/wp\/v2\/types\/post"}],"author":[{"embeddable":true,"href":"https:\/\/modusportal.ba\/mojevijesti\/wp-json\/wp\/v2\/users\/1"}],"replies":[{"embeddable":true,"href":"https:\/\/modusportal.ba\/mojevijesti\/wp-json\/wp\/v2\/comments?post=30427"}],"version-history":[{"count":0,"href":"https:\/\/modusportal.ba\/mojevijesti\/wp-json\/wp\/v2\/posts\/30427\/revisions"}],"wp:featuredmedia":[{"embeddable":true,"href":"https:\/\/modusportal.ba\/mojevijesti\/wp-json\/wp\/v2\/media\/30428"}],"wp:attachment":[{"href":"https:\/\/modusportal.ba\/mojevijesti\/wp-json\/wp\/v2\/media?parent=30427"}],"wp:term":[{"taxonomy":"category","embeddable":true,"href":"https:\/\/modusportal.ba\/mojevijesti\/wp-json\/wp\/v2\/categories?post=30427"},{"taxonomy":"post_tag","embeddable":true,"href":"https:\/\/modusportal.ba\/mojevijesti\/wp-json\/wp\/v2\/tags?post=30427"}],"curies":[{"name":"wp","href":"https:\/\/api.w.org\/{rel}","templated":true}]}}