{"id":30436,"date":"2025-10-05T04:02:42","date_gmt":"2025-10-05T04:02:42","guid":{"rendered":"https:\/\/modusportal.ba\/mojevijesti\/2025\/10\/05\/dodik-se-oglasio-nakon-sto-je-cuo-rezultate-izbora-u-ceskoj-ne-krije-odusevljenje\/"},"modified":"2025-10-05T04:02:42","modified_gmt":"2025-10-05T04:02:42","slug":"dodik-se-oglasio-nakon-sto-je-cuo-rezultate-izbora-u-ceskoj-ne-krije-odusevljenje","status":"publish","type":"post","link":"https:\/\/modusportal.ba\/mojevijesti\/2025\/10\/05\/dodik-se-oglasio-nakon-sto-je-cuo-rezultate-izbora-u-ceskoj-ne-krije-odusevljenje\/","title":{"rendered":"Dodik se oglasio nakon \u0161to je \u010duo rezultate izbora u \u010ce\u0161koj, ne krije odu\u0161evljenje"},"content":{"rendered":"<p><\/p>\n<p><img loading=\"lazy\" decoding=\"async\" loading=\"lazy\" width=\"1024\" height=\"538\" src=\"https:\/\/cdn.fokus.ba\/wp-content\/uploads\/2024\/11\/milorad-dodik-kacket-1024x538.webp\" class=\"attachment-large size-large wp-post-image\" alt=\"nove sankcije za milorada dodika\"><\/p>\n<p>Dodik je, podsje\u0107amo, sa sli\u010dnim odu\u0161evljenjem na dru\u0161tvenim mre\u017eama ispratio i pobjednu Donalda Trumpa na predsjedni\u010dkim izborima u SAD-u<\/p>\n<p><a href=\"https:\/\/www.fokus.ba\/vijesti\/bih\/dodik-se-oglasio-nakon-sto-je-cuo-rezultate-izbora-u-ceskoj-ne-krije-odusevljenje\/3497666\/\">Fokus.ba <\/a><\/p>\n","protected":false},"excerpt":{"rendered":"<p>Dodik je, podsje\u0107amo, sa sli\u010dnim odu\u0161evljenjem na dru\u0161tvenim mre\u017eama ispratio i pobjednu Donalda Trumpa na predsjedni\u010dkim izborima u SAD-u Fokus.ba<\/p>\n","protected":false},"author":1,"featured_media":30437,"comment_status":"open","ping_status":"open","sticky":false,"template":"","format":"standard","meta":{"_siteseo_robots_primary_cat":"","footnotes":""},"categories":[],"tags":[],"class_list":["post-30436","post","type-post","status-publish","format-standard","has-post-thumbnail"],"_links":{"self":[{"href":"https:\/\/modusportal.ba\/mojevijesti\/wp-json\/wp\/v2\/posts\/30436","targetHints":{"allow":["GET"]}}],"collection":[{"href":"https:\/\/modusportal.ba\/mojevijesti\/wp-json\/wp\/v2\/posts"}],"about":[{"href":"https:\/\/modusportal.ba\/mojevijesti\/wp-json\/wp\/v2\/types\/post"}],"author":[{"embeddable":true,"href":"https:\/\/modusportal.ba\/mojevijesti\/wp-json\/wp\/v2\/users\/1"}],"replies":[{"embeddable":true,"href":"https:\/\/modusportal.ba\/mojevijesti\/wp-json\/wp\/v2\/comments?post=30436"}],"version-history":[{"count":0,"href":"https:\/\/modusportal.ba\/mojevijesti\/wp-json\/wp\/v2\/posts\/30436\/revisions"}],"wp:featuredmedia":[{"embeddable":true,"href":"https:\/\/modusportal.ba\/mojevijesti\/wp-json\/wp\/v2\/media\/30437"}],"wp:attachment":[{"href":"https:\/\/modusportal.ba\/mojevijesti\/wp-json\/wp\/v2\/media?parent=30436"}],"wp:term":[{"taxonomy":"category","embeddable":true,"href":"https:\/\/modusportal.ba\/mojevijesti\/wp-json\/wp\/v2\/categories?post=30436"},{"taxonomy":"post_tag","embeddable":true,"href":"https:\/\/modusportal.ba\/mojevijesti\/wp-json\/wp\/v2\/tags?post=30436"}],"curies":[{"name":"wp","href":"https:\/\/api.w.org\/{rel}","templated":true}]}}