{"id":30444,"date":"2025-10-06T04:16:42","date_gmt":"2025-10-06T04:16:42","guid":{"rendered":"https:\/\/modusportal.ba\/mojevijesti\/2025\/10\/06\/vucic-ubjeduje-javnost-u-srbiji-da-je-gotovo-dodik-danas-tvrdi-da-tek-pocinje\/"},"modified":"2025-10-06T04:16:42","modified_gmt":"2025-10-06T04:16:42","slug":"vucic-ubjeduje-javnost-u-srbiji-da-je-gotovo-dodik-danas-tvrdi-da-tek-pocinje","status":"publish","type":"post","link":"https:\/\/modusportal.ba\/mojevijesti\/2025\/10\/06\/vucic-ubjeduje-javnost-u-srbiji-da-je-gotovo-dodik-danas-tvrdi-da-tek-pocinje\/","title":{"rendered":"Vu\u010di\u0107 ubje\u0111uje javnost u Srbiji da je gotovo, Dodik danas tvrdi da tek po\u010dinje?!"},"content":{"rendered":"<p><\/p>\n<p><img loading=\"lazy\" decoding=\"async\" loading=\"lazy\" width=\"1024\" height=\"538\" src=\"https:\/\/cdn.fokus.ba\/wp-content\/uploads\/2025\/03\/PXL_160225_128386622-1024x538.webp\" class=\"attachment-large size-large wp-post-image\" alt=\"Aleksandar Vu\u010di\u0107 i Milorad Dodik\"><\/p>\n<p>17. septembra tokom boravka u Tokiju, Vu\u010di\u0107 je ponovio da je &#8220;obojena revolucija zavr\u0161ena pri\u010da, samo to studenti nisu razumeli&#8221;<\/p>\n<p><a href=\"https:\/\/www.fokus.ba\/vijesti\/bih\/vucic-ubjedjuje-javnost-u-srbiji-da-je-gotovo-dodik-danas-tvrdi-da-tek-pocinje\/3497749\/\">Fokus.ba <\/a><\/p>\n","protected":false},"excerpt":{"rendered":"<p>17. septembra tokom boravka u Tokiju, Vu\u010di\u0107 je ponovio da je &#8220;obojena revolucija zavr\u0161ena pri\u010da, samo to studenti nisu razumeli&#8221; Fokus.ba<\/p>\n","protected":false},"author":1,"featured_media":30445,"comment_status":"open","ping_status":"open","sticky":false,"template":"","format":"standard","meta":{"_siteseo_robots_primary_cat":"","footnotes":""},"categories":[],"tags":[],"class_list":["post-30444","post","type-post","status-publish","format-standard","has-post-thumbnail"],"_links":{"self":[{"href":"https:\/\/modusportal.ba\/mojevijesti\/wp-json\/wp\/v2\/posts\/30444","targetHints":{"allow":["GET"]}}],"collection":[{"href":"https:\/\/modusportal.ba\/mojevijesti\/wp-json\/wp\/v2\/posts"}],"about":[{"href":"https:\/\/modusportal.ba\/mojevijesti\/wp-json\/wp\/v2\/types\/post"}],"author":[{"embeddable":true,"href":"https:\/\/modusportal.ba\/mojevijesti\/wp-json\/wp\/v2\/users\/1"}],"replies":[{"embeddable":true,"href":"https:\/\/modusportal.ba\/mojevijesti\/wp-json\/wp\/v2\/comments?post=30444"}],"version-history":[{"count":0,"href":"https:\/\/modusportal.ba\/mojevijesti\/wp-json\/wp\/v2\/posts\/30444\/revisions"}],"wp:featuredmedia":[{"embeddable":true,"href":"https:\/\/modusportal.ba\/mojevijesti\/wp-json\/wp\/v2\/media\/30445"}],"wp:attachment":[{"href":"https:\/\/modusportal.ba\/mojevijesti\/wp-json\/wp\/v2\/media?parent=30444"}],"wp:term":[{"taxonomy":"category","embeddable":true,"href":"https:\/\/modusportal.ba\/mojevijesti\/wp-json\/wp\/v2\/categories?post=30444"},{"taxonomy":"post_tag","embeddable":true,"href":"https:\/\/modusportal.ba\/mojevijesti\/wp-json\/wp\/v2\/tags?post=30444"}],"curies":[{"name":"wp","href":"https:\/\/api.w.org\/{rel}","templated":true}]}}