{"id":30448,"date":"2025-10-06T16:23:34","date_gmt":"2025-10-06T16:23:34","guid":{"rendered":"https:\/\/modusportal.ba\/mojevijesti\/2025\/10\/06\/energoinvest-uputio-zahtjev-vladi-fbih-za-snizenje-cijena-plina\/"},"modified":"2025-10-06T16:23:34","modified_gmt":"2025-10-06T16:23:34","slug":"energoinvest-uputio-zahtjev-vladi-fbih-za-snizenje-cijena-plina","status":"publish","type":"post","link":"https:\/\/modusportal.ba\/mojevijesti\/2025\/10\/06\/energoinvest-uputio-zahtjev-vladi-fbih-za-snizenje-cijena-plina\/","title":{"rendered":"Energoinvest uputio zahtjev Vladi FBiH za sni\u017eenje cijena plina"},"content":{"rendered":"<p><\/p>\n<p><img loading=\"lazy\" decoding=\"async\" loading=\"lazy\" width=\"1024\" height=\"538\" src=\"https:\/\/cdn.fokus.ba\/wp-content\/uploads\/2024\/11\/vlada-fbih-federalna-energoinvest-1024x538.jpg\" class=\"attachment-large size-large wp-post-image\" alt=\"vlada fbih federalna energoinvest\"><\/p>\n<p>Direktor Energoinvesta Mirza Ustamuji\u0107 izjavio je da je to ve\u0107 tre\u0107e sni\u017eenje cijena, bez ijednog pove\u0107anja, u ne\u0161to vi\u0161e od godinu dana rada nove Uprave<\/p>\n<p><a href=\"https:\/\/www.fokus.ba\/vijesti\/bih\/energoinvest-uputio-zahtjev-vladi-fbih-za-snizenje-cijena-plina\/3498049\/\">Fokus.ba <\/a><\/p>\n","protected":false},"excerpt":{"rendered":"<p>Direktor Energoinvesta Mirza Ustamuji\u0107 izjavio je da je to ve\u0107 tre\u0107e sni\u017eenje cijena, bez ijednog pove\u0107anja, u ne\u0161to vi\u0161e od godinu dana rada nove Uprave Fokus.ba<\/p>\n","protected":false},"author":1,"featured_media":30449,"comment_status":"open","ping_status":"open","sticky":false,"template":"","format":"standard","meta":{"_siteseo_robots_primary_cat":"","footnotes":""},"categories":[],"tags":[],"class_list":["post-30448","post","type-post","status-publish","format-standard","has-post-thumbnail"],"_links":{"self":[{"href":"https:\/\/modusportal.ba\/mojevijesti\/wp-json\/wp\/v2\/posts\/30448","targetHints":{"allow":["GET"]}}],"collection":[{"href":"https:\/\/modusportal.ba\/mojevijesti\/wp-json\/wp\/v2\/posts"}],"about":[{"href":"https:\/\/modusportal.ba\/mojevijesti\/wp-json\/wp\/v2\/types\/post"}],"author":[{"embeddable":true,"href":"https:\/\/modusportal.ba\/mojevijesti\/wp-json\/wp\/v2\/users\/1"}],"replies":[{"embeddable":true,"href":"https:\/\/modusportal.ba\/mojevijesti\/wp-json\/wp\/v2\/comments?post=30448"}],"version-history":[{"count":0,"href":"https:\/\/modusportal.ba\/mojevijesti\/wp-json\/wp\/v2\/posts\/30448\/revisions"}],"wp:featuredmedia":[{"embeddable":true,"href":"https:\/\/modusportal.ba\/mojevijesti\/wp-json\/wp\/v2\/media\/30449"}],"wp:attachment":[{"href":"https:\/\/modusportal.ba\/mojevijesti\/wp-json\/wp\/v2\/media?parent=30448"}],"wp:term":[{"taxonomy":"category","embeddable":true,"href":"https:\/\/modusportal.ba\/mojevijesti\/wp-json\/wp\/v2\/categories?post=30448"},{"taxonomy":"post_tag","embeddable":true,"href":"https:\/\/modusportal.ba\/mojevijesti\/wp-json\/wp\/v2\/tags?post=30448"}],"curies":[{"name":"wp","href":"https:\/\/api.w.org\/{rel}","templated":true}]}}