{"id":30462,"date":"2025-10-08T11:20:57","date_gmt":"2025-10-08T11:20:57","guid":{"rendered":"https:\/\/modusportal.ba\/mojevijesti\/2025\/10\/08\/berlinski-proces-diskriminacija-roma-podriva-napredak-zapadnog-balkana\/"},"modified":"2025-10-08T11:20:57","modified_gmt":"2025-10-08T11:20:57","slug":"berlinski-proces-diskriminacija-roma-podriva-napredak-zapadnog-balkana","status":"publish","type":"post","link":"https:\/\/modusportal.ba\/mojevijesti\/2025\/10\/08\/berlinski-proces-diskriminacija-roma-podriva-napredak-zapadnog-balkana\/","title":{"rendered":"Berlinski proces: Diskriminacija Roma podriva napredak Zapadnog Balkana"},"content":{"rendered":"<p><\/p>\n<p><img loading=\"lazy\" decoding=\"async\" loading=\"lazy\" width=\"1024\" height=\"538\" src=\"https:\/\/cdn.fokus.ba\/wp-content\/uploads\/2025\/10\/tirana-berlinski-proces-1024x538.jpg\" class=\"attachment-large size-large wp-post-image\" alt=\"\"><\/p>\n<p>Klju\u010dni izazovi koji su ostali, kako je re\u010deno, jesu diskriminacija pri zapo\u0161ljavanju i isklju\u010denost iz obrazovanja<\/p>\n<p><a href=\"https:\/\/www.fokus.ba\/vijesti\/bih\/berlinski-proces-diskriminacija-roma-podriva-napredak-zapadnog-balkana\/3498504\/\">Fokus.ba <\/a><\/p>\n","protected":false},"excerpt":{"rendered":"<p>Klju\u010dni izazovi koji su ostali, kako je re\u010deno, jesu diskriminacija pri zapo\u0161ljavanju i isklju\u010denost iz obrazovanja Fokus.ba<\/p>\n","protected":false},"author":1,"featured_media":30463,"comment_status":"open","ping_status":"open","sticky":false,"template":"","format":"standard","meta":{"_siteseo_robots_primary_cat":"","footnotes":""},"categories":[],"tags":[],"class_list":["post-30462","post","type-post","status-publish","format-standard","has-post-thumbnail"],"_links":{"self":[{"href":"https:\/\/modusportal.ba\/mojevijesti\/wp-json\/wp\/v2\/posts\/30462","targetHints":{"allow":["GET"]}}],"collection":[{"href":"https:\/\/modusportal.ba\/mojevijesti\/wp-json\/wp\/v2\/posts"}],"about":[{"href":"https:\/\/modusportal.ba\/mojevijesti\/wp-json\/wp\/v2\/types\/post"}],"author":[{"embeddable":true,"href":"https:\/\/modusportal.ba\/mojevijesti\/wp-json\/wp\/v2\/users\/1"}],"replies":[{"embeddable":true,"href":"https:\/\/modusportal.ba\/mojevijesti\/wp-json\/wp\/v2\/comments?post=30462"}],"version-history":[{"count":0,"href":"https:\/\/modusportal.ba\/mojevijesti\/wp-json\/wp\/v2\/posts\/30462\/revisions"}],"wp:featuredmedia":[{"embeddable":true,"href":"https:\/\/modusportal.ba\/mojevijesti\/wp-json\/wp\/v2\/media\/30463"}],"wp:attachment":[{"href":"https:\/\/modusportal.ba\/mojevijesti\/wp-json\/wp\/v2\/media?parent=30462"}],"wp:term":[{"taxonomy":"category","embeddable":true,"href":"https:\/\/modusportal.ba\/mojevijesti\/wp-json\/wp\/v2\/categories?post=30462"},{"taxonomy":"post_tag","embeddable":true,"href":"https:\/\/modusportal.ba\/mojevijesti\/wp-json\/wp\/v2\/tags?post=30462"}],"curies":[{"name":"wp","href":"https:\/\/api.w.org\/{rel}","templated":true}]}}