{"id":30470,"date":"2025-10-09T11:32:00","date_gmt":"2025-10-09T11:32:00","guid":{"rendered":"https:\/\/modusportal.ba\/mojevijesti\/2025\/10\/09\/opozicija-u-rs-trazi-hitnu-uredivacku-promjenu-na-rtrs-u-sire-mrznju-huskaju-i-dijele-narod\/"},"modified":"2025-10-09T11:32:00","modified_gmt":"2025-10-09T11:32:00","slug":"opozicija-u-rs-trazi-hitnu-uredivacku-promjenu-na-rtrs-u-sire-mrznju-huskaju-i-dijele-narod","status":"publish","type":"post","link":"https:\/\/modusportal.ba\/mojevijesti\/2025\/10\/09\/opozicija-u-rs-trazi-hitnu-uredivacku-promjenu-na-rtrs-u-sire-mrznju-huskaju-i-dijele-narod\/","title":{"rendered":"Opozicija u RS tra\u017ei hitnu ure\u0111iva\u010dku promjenu na RTRS-u: \u201c\u0160ire mr\u017enju, hu\u0161kaju i dijele narod\u201d"},"content":{"rendered":"<p><\/p>\n<p><img loading=\"lazy\" decoding=\"async\" loading=\"lazy\" width=\"1024\" height=\"538\" src=\"https:\/\/cdn.fokus.ba\/wp-content\/uploads\/2025\/10\/opozicija-rs-1024x538.webp\" class=\"attachment-large size-large wp-post-image\" alt=\"opozicija rs\"><\/p>\n<p>Na konferenciji za novinare trebalo je da govori i Branko Blanu\u0161a, predsjednik Odbora SDS-a za energetiku, ali, kako je re\u010deno, iz privatnih razloga nije bio u mogu\u0107nosti da prisustvuje<\/p>\n<p><a href=\"https:\/\/www.fokus.ba\/vijesti\/bih\/opozicija-u-rs-trazi-hitnu-uredjivacku-promjenu-na-rtrs-u-sire-mrznju-huskaju-i-dijele-narod\/3498861\/\">Fokus.ba <\/a><\/p>\n","protected":false},"excerpt":{"rendered":"<p>Na konferenciji za novinare trebalo je da govori i Branko Blanu\u0161a, predsjednik Odbora SDS-a za energetiku, ali, kako je re\u010deno, iz privatnih razloga nije bio u mogu\u0107nosti da prisustvuje Fokus.ba<\/p>\n","protected":false},"author":1,"featured_media":30471,"comment_status":"open","ping_status":"open","sticky":false,"template":"","format":"standard","meta":{"_siteseo_robots_primary_cat":"","footnotes":""},"categories":[],"tags":[],"class_list":["post-30470","post","type-post","status-publish","format-standard","has-post-thumbnail"],"_links":{"self":[{"href":"https:\/\/modusportal.ba\/mojevijesti\/wp-json\/wp\/v2\/posts\/30470","targetHints":{"allow":["GET"]}}],"collection":[{"href":"https:\/\/modusportal.ba\/mojevijesti\/wp-json\/wp\/v2\/posts"}],"about":[{"href":"https:\/\/modusportal.ba\/mojevijesti\/wp-json\/wp\/v2\/types\/post"}],"author":[{"embeddable":true,"href":"https:\/\/modusportal.ba\/mojevijesti\/wp-json\/wp\/v2\/users\/1"}],"replies":[{"embeddable":true,"href":"https:\/\/modusportal.ba\/mojevijesti\/wp-json\/wp\/v2\/comments?post=30470"}],"version-history":[{"count":0,"href":"https:\/\/modusportal.ba\/mojevijesti\/wp-json\/wp\/v2\/posts\/30470\/revisions"}],"wp:featuredmedia":[{"embeddable":true,"href":"https:\/\/modusportal.ba\/mojevijesti\/wp-json\/wp\/v2\/media\/30471"}],"wp:attachment":[{"href":"https:\/\/modusportal.ba\/mojevijesti\/wp-json\/wp\/v2\/media?parent=30470"}],"wp:term":[{"taxonomy":"category","embeddable":true,"href":"https:\/\/modusportal.ba\/mojevijesti\/wp-json\/wp\/v2\/categories?post=30470"},{"taxonomy":"post_tag","embeddable":true,"href":"https:\/\/modusportal.ba\/mojevijesti\/wp-json\/wp\/v2\/tags?post=30470"}],"curies":[{"name":"wp","href":"https:\/\/api.w.org\/{rel}","templated":true}]}}