{"id":30497,"date":"2025-10-13T00:34:33","date_gmt":"2025-10-13T00:34:33","guid":{"rendered":"https:\/\/modusportal.ba\/mojevijesti\/2025\/10\/13\/mup-ks-objavio-koliko-ljudi-je-bilo-na-oprostaju-od-halida-beslica-u-sarajevu\/"},"modified":"2025-10-13T00:34:33","modified_gmt":"2025-10-13T00:34:33","slug":"mup-ks-objavio-koliko-ljudi-je-bilo-na-oprostaju-od-halida-beslica-u-sarajevu","status":"publish","type":"post","link":"https:\/\/modusportal.ba\/mojevijesti\/2025\/10\/13\/mup-ks-objavio-koliko-ljudi-je-bilo-na-oprostaju-od-halida-beslica-u-sarajevu\/","title":{"rendered":"MUP KS objavio koliko ljudi je bilo na opro\u0161taju od Halida Be\u0161li\u0107a u Sarajevu"},"content":{"rendered":"<p><\/p>\n<p><img loading=\"lazy\" decoding=\"async\" loading=\"lazy\" width=\"1024\" height=\"538\" src=\"https:\/\/cdn.fokus.ba\/wp-content\/uploads\/2025\/10\/halid-6-1024x538.webp\" class=\"attachment-large size-large wp-post-image\" alt=\"\"><\/p>\n<p>Nakon skupa, oglasilo se i Ministarstvo unutra\u0161njih poslova Kantona Sarajevo, objaviv\u0161i kako je sve proteklo u sigurnom okru\u017eenju<\/p>\n<p><a href=\"https:\/\/www.fokus.ba\/vijesti\/bih\/mup-ks-objavio-koliko-ljudi-je-bilo-na-oprostaju-od-halida-beslica-u-sarajevu\/3499600\/\">Fokus.ba <\/a><\/p>\n","protected":false},"excerpt":{"rendered":"<p>Nakon skupa, oglasilo se i Ministarstvo unutra\u0161njih poslova Kantona Sarajevo, objaviv\u0161i kako je sve proteklo u sigurnom okru\u017eenju Fokus.ba<\/p>\n","protected":false},"author":1,"featured_media":30498,"comment_status":"open","ping_status":"open","sticky":false,"template":"","format":"standard","meta":{"_siteseo_robots_primary_cat":"","footnotes":""},"categories":[],"tags":[],"class_list":["post-30497","post","type-post","status-publish","format-standard","has-post-thumbnail"],"_links":{"self":[{"href":"https:\/\/modusportal.ba\/mojevijesti\/wp-json\/wp\/v2\/posts\/30497","targetHints":{"allow":["GET"]}}],"collection":[{"href":"https:\/\/modusportal.ba\/mojevijesti\/wp-json\/wp\/v2\/posts"}],"about":[{"href":"https:\/\/modusportal.ba\/mojevijesti\/wp-json\/wp\/v2\/types\/post"}],"author":[{"embeddable":true,"href":"https:\/\/modusportal.ba\/mojevijesti\/wp-json\/wp\/v2\/users\/1"}],"replies":[{"embeddable":true,"href":"https:\/\/modusportal.ba\/mojevijesti\/wp-json\/wp\/v2\/comments?post=30497"}],"version-history":[{"count":0,"href":"https:\/\/modusportal.ba\/mojevijesti\/wp-json\/wp\/v2\/posts\/30497\/revisions"}],"wp:featuredmedia":[{"embeddable":true,"href":"https:\/\/modusportal.ba\/mojevijesti\/wp-json\/wp\/v2\/media\/30498"}],"wp:attachment":[{"href":"https:\/\/modusportal.ba\/mojevijesti\/wp-json\/wp\/v2\/media?parent=30497"}],"wp:term":[{"taxonomy":"category","embeddable":true,"href":"https:\/\/modusportal.ba\/mojevijesti\/wp-json\/wp\/v2\/categories?post=30497"},{"taxonomy":"post_tag","embeddable":true,"href":"https:\/\/modusportal.ba\/mojevijesti\/wp-json\/wp\/v2\/tags?post=30497"}],"curies":[{"name":"wp","href":"https:\/\/api.w.org\/{rel}","templated":true}]}}