{"id":30509,"date":"2025-10-14T12:54:06","date_gmt":"2025-10-14T12:54:06","guid":{"rendered":"https:\/\/modusportal.ba\/mojevijesti\/2025\/10\/14\/soreca-pozelio-dobrodoslicu-von-der-leyen-posjeta-u-kljucnom-trenutku-za-evropski-put-bih\/"},"modified":"2025-10-14T12:54:06","modified_gmt":"2025-10-14T12:54:06","slug":"soreca-pozelio-dobrodoslicu-von-der-leyen-posjeta-u-kljucnom-trenutku-za-evropski-put-bih","status":"publish","type":"post","link":"https:\/\/modusportal.ba\/mojevijesti\/2025\/10\/14\/soreca-pozelio-dobrodoslicu-von-der-leyen-posjeta-u-kljucnom-trenutku-za-evropski-put-bih\/","title":{"rendered":"Soreca po\u017eelio dobrodo\u0161licu Von der Leyen: Posjeta u klju\u010dnom trenutku za evropski put BiH"},"content":{"rendered":"<p><\/p>\n<p><img loading=\"lazy\" decoding=\"async\" loading=\"lazy\" width=\"1024\" height=\"538\" src=\"https:\/\/cdn.fokus.ba\/wp-content\/uploads\/2025\/10\/luigi-soreca-2-1024x538.jpg\" class=\"attachment-large size-large wp-post-image\" alt=\"luigi soreca\"><\/p>\n<p>Predsjednica Evropske komisije boravit \u0107e danas u BiH u okviru regionalne posjete zapadnom Balkanu, kojom Evropska unija \u017eeli potvrditi svoju strate\u0161ku posve\u0107enost evropskoj perspektivi regije<\/p>\n<p><a href=\"https:\/\/www.fokus.ba\/vijesti\/bih\/soreca-pozelio-dobrodoslicu-von-der-leyen-posjeta-u-kljucnom-trenutku-za-evropski-put-bih\/3500007\/\">Fokus.ba <\/a><\/p>\n","protected":false},"excerpt":{"rendered":"<p>Predsjednica Evropske komisije boravit \u0107e danas u BiH u okviru regionalne posjete zapadnom Balkanu, kojom Evropska unija \u017eeli potvrditi svoju strate\u0161ku posve\u0107enost evropskoj perspektivi regije Fokus.ba<\/p>\n","protected":false},"author":1,"featured_media":30510,"comment_status":"open","ping_status":"open","sticky":false,"template":"","format":"standard","meta":{"_siteseo_robots_primary_cat":"","footnotes":""},"categories":[],"tags":[],"class_list":["post-30509","post","type-post","status-publish","format-standard","has-post-thumbnail"],"_links":{"self":[{"href":"https:\/\/modusportal.ba\/mojevijesti\/wp-json\/wp\/v2\/posts\/30509","targetHints":{"allow":["GET"]}}],"collection":[{"href":"https:\/\/modusportal.ba\/mojevijesti\/wp-json\/wp\/v2\/posts"}],"about":[{"href":"https:\/\/modusportal.ba\/mojevijesti\/wp-json\/wp\/v2\/types\/post"}],"author":[{"embeddable":true,"href":"https:\/\/modusportal.ba\/mojevijesti\/wp-json\/wp\/v2\/users\/1"}],"replies":[{"embeddable":true,"href":"https:\/\/modusportal.ba\/mojevijesti\/wp-json\/wp\/v2\/comments?post=30509"}],"version-history":[{"count":0,"href":"https:\/\/modusportal.ba\/mojevijesti\/wp-json\/wp\/v2\/posts\/30509\/revisions"}],"wp:featuredmedia":[{"embeddable":true,"href":"https:\/\/modusportal.ba\/mojevijesti\/wp-json\/wp\/v2\/media\/30510"}],"wp:attachment":[{"href":"https:\/\/modusportal.ba\/mojevijesti\/wp-json\/wp\/v2\/media?parent=30509"}],"wp:term":[{"taxonomy":"category","embeddable":true,"href":"https:\/\/modusportal.ba\/mojevijesti\/wp-json\/wp\/v2\/categories?post=30509"},{"taxonomy":"post_tag","embeddable":true,"href":"https:\/\/modusportal.ba\/mojevijesti\/wp-json\/wp\/v2\/tags?post=30509"}],"curies":[{"name":"wp","href":"https:\/\/api.w.org\/{rel}","templated":true}]}}