{"id":30513,"date":"2025-10-15T00:55:54","date_gmt":"2025-10-15T00:55:54","guid":{"rendered":"https:\/\/modusportal.ba\/mojevijesti\/2025\/10\/15\/kristo-predlaze-dodikovu-saradnicu-za-pregovaraca-bih-sa-eu\/"},"modified":"2025-10-15T00:55:54","modified_gmt":"2025-10-15T00:55:54","slug":"kristo-predlaze-dodikovu-saradnicu-za-pregovaraca-bih-sa-eu","status":"publish","type":"post","link":"https:\/\/modusportal.ba\/mojevijesti\/2025\/10\/15\/kristo-predlaze-dodikovu-saradnicu-za-pregovaraca-bih-sa-eu\/","title":{"rendered":"Kri\u0161to predla\u017ee Dodikovu saradnicu za pregovara\u010da BiH sa EU?"},"content":{"rendered":"<p><\/p>\n<p><img loading=\"lazy\" decoding=\"async\" loading=\"lazy\" width=\"1024\" height=\"538\" src=\"https:\/\/cdn.fokus.ba\/wp-content\/uploads\/2025\/10\/Ana-Trisic-Babic-1024x538.webp\" class=\"attachment-large size-large wp-post-image\" alt=\"\"><\/p>\n<p>Ovo je usagla\u0161eno na ju\u010dera\u0161njem sastanku delegacija HDZ-a i SNSD-a koji je odr\u017ean u Banjoj Luci<\/p>\n<p><a href=\"https:\/\/www.fokus.ba\/vijesti\/bih\/kristo-predlaze-dodikovu-saradnicu-za-pregovaraca-bih-sa-eu\/3500086\/\">Fokus.ba <\/a><\/p>\n","protected":false},"excerpt":{"rendered":"<p>Ovo je usagla\u0161eno na ju\u010dera\u0161njem sastanku delegacija HDZ-a i SNSD-a koji je odr\u017ean u Banjoj Luci Fokus.ba<\/p>\n","protected":false},"author":1,"featured_media":30514,"comment_status":"open","ping_status":"open","sticky":false,"template":"","format":"standard","meta":{"_siteseo_robots_primary_cat":"","footnotes":""},"categories":[],"tags":[],"class_list":["post-30513","post","type-post","status-publish","format-standard","has-post-thumbnail"],"_links":{"self":[{"href":"https:\/\/modusportal.ba\/mojevijesti\/wp-json\/wp\/v2\/posts\/30513","targetHints":{"allow":["GET"]}}],"collection":[{"href":"https:\/\/modusportal.ba\/mojevijesti\/wp-json\/wp\/v2\/posts"}],"about":[{"href":"https:\/\/modusportal.ba\/mojevijesti\/wp-json\/wp\/v2\/types\/post"}],"author":[{"embeddable":true,"href":"https:\/\/modusportal.ba\/mojevijesti\/wp-json\/wp\/v2\/users\/1"}],"replies":[{"embeddable":true,"href":"https:\/\/modusportal.ba\/mojevijesti\/wp-json\/wp\/v2\/comments?post=30513"}],"version-history":[{"count":0,"href":"https:\/\/modusportal.ba\/mojevijesti\/wp-json\/wp\/v2\/posts\/30513\/revisions"}],"wp:featuredmedia":[{"embeddable":true,"href":"https:\/\/modusportal.ba\/mojevijesti\/wp-json\/wp\/v2\/media\/30514"}],"wp:attachment":[{"href":"https:\/\/modusportal.ba\/mojevijesti\/wp-json\/wp\/v2\/media?parent=30513"}],"wp:term":[{"taxonomy":"category","embeddable":true,"href":"https:\/\/modusportal.ba\/mojevijesti\/wp-json\/wp\/v2\/categories?post=30513"},{"taxonomy":"post_tag","embeddable":true,"href":"https:\/\/modusportal.ba\/mojevijesti\/wp-json\/wp\/v2\/tags?post=30513"}],"curies":[{"name":"wp","href":"https:\/\/api.w.org\/{rel}","templated":true}]}}