{"id":30521,"date":"2025-10-16T01:15:55","date_gmt":"2025-10-16T01:15:55","guid":{"rendered":"https:\/\/modusportal.ba\/mojevijesti\/2025\/10\/16\/usvojene-izmjene-i-dopune-zakona-o-radu-u-institucijama-bih-produzuje-se-ocinsko-odsustvo\/"},"modified":"2025-10-16T01:15:55","modified_gmt":"2025-10-16T01:15:55","slug":"usvojene-izmjene-i-dopune-zakona-o-radu-u-institucijama-bih-produzuje-se-ocinsko-odsustvo","status":"publish","type":"post","link":"https:\/\/modusportal.ba\/mojevijesti\/2025\/10\/16\/usvojene-izmjene-i-dopune-zakona-o-radu-u-institucijama-bih-produzuje-se-ocinsko-odsustvo\/","title":{"rendered":"Usvojene izmjene i dopune Zakona o radu u institucijama BiH, produ\u017euje se o\u010dinsko odsustvo"},"content":{"rendered":"<p><\/p>\n<p><img loading=\"lazy\" decoding=\"async\" loading=\"lazy\" width=\"1024\" height=\"538\" src=\"https:\/\/cdn.fokus.ba\/wp-content\/uploads\/2025\/10\/parlament-bih2-1024x538.webp\" class=\"attachment-large size-large wp-post-image\" alt=\"\"><\/p>\n<p>Predlo\u017eene izmjene i dopune predvi\u0111aju pravo o\u010devima na 10 radnih dana o\u010dinskog odsutstva nakon ro\u0111enja jednog djeteta, odnosno 15 radnih dana za blizance, tre\u0107e i svako sljede\u0107e dijete.<\/p>\n<p><a href=\"https:\/\/www.fokus.ba\/vijesti\/bih\/usvojene-izmjene-i-dopune-zakona-o-radu-u-institucijama-bih\/3500368\/\">Fokus.ba <\/a><\/p>\n","protected":false},"excerpt":{"rendered":"<p>Predlo\u017eene izmjene i dopune predvi\u0111aju pravo o\u010devima na 10 radnih dana o\u010dinskog odsutstva nakon ro\u0111enja jednog djeteta, odnosno 15 radnih dana za blizance, tre\u0107e i svako sljede\u0107e dijete. Fokus.ba<\/p>\n","protected":false},"author":1,"featured_media":30522,"comment_status":"open","ping_status":"open","sticky":false,"template":"","format":"standard","meta":{"_siteseo_robots_primary_cat":"","footnotes":""},"categories":[],"tags":[],"class_list":["post-30521","post","type-post","status-publish","format-standard","has-post-thumbnail"],"_links":{"self":[{"href":"https:\/\/modusportal.ba\/mojevijesti\/wp-json\/wp\/v2\/posts\/30521","targetHints":{"allow":["GET"]}}],"collection":[{"href":"https:\/\/modusportal.ba\/mojevijesti\/wp-json\/wp\/v2\/posts"}],"about":[{"href":"https:\/\/modusportal.ba\/mojevijesti\/wp-json\/wp\/v2\/types\/post"}],"author":[{"embeddable":true,"href":"https:\/\/modusportal.ba\/mojevijesti\/wp-json\/wp\/v2\/users\/1"}],"replies":[{"embeddable":true,"href":"https:\/\/modusportal.ba\/mojevijesti\/wp-json\/wp\/v2\/comments?post=30521"}],"version-history":[{"count":0,"href":"https:\/\/modusportal.ba\/mojevijesti\/wp-json\/wp\/v2\/posts\/30521\/revisions"}],"wp:featuredmedia":[{"embeddable":true,"href":"https:\/\/modusportal.ba\/mojevijesti\/wp-json\/wp\/v2\/media\/30522"}],"wp:attachment":[{"href":"https:\/\/modusportal.ba\/mojevijesti\/wp-json\/wp\/v2\/media?parent=30521"}],"wp:term":[{"taxonomy":"category","embeddable":true,"href":"https:\/\/modusportal.ba\/mojevijesti\/wp-json\/wp\/v2\/categories?post=30521"},{"taxonomy":"post_tag","embeddable":true,"href":"https:\/\/modusportal.ba\/mojevijesti\/wp-json\/wp\/v2\/tags?post=30521"}],"curies":[{"name":"wp","href":"https:\/\/api.w.org\/{rel}","templated":true}]}}