{"id":30523,"date":"2025-10-16T07:22:54","date_gmt":"2025-10-16T07:22:54","guid":{"rendered":"https:\/\/modusportal.ba\/mojevijesti\/2025\/10\/16\/forto-sa-predstavnicima-state-departmenta-vrijeme-za-infrastrukturno-partnerstvo-bih-i-sad-a\/"},"modified":"2025-10-16T07:22:54","modified_gmt":"2025-10-16T07:22:54","slug":"forto-sa-predstavnicima-state-departmenta-vrijeme-za-infrastrukturno-partnerstvo-bih-i-sad-a","status":"publish","type":"post","link":"https:\/\/modusportal.ba\/mojevijesti\/2025\/10\/16\/forto-sa-predstavnicima-state-departmenta-vrijeme-za-infrastrukturno-partnerstvo-bih-i-sad-a\/","title":{"rendered":"Forto sa predstavnicima State Departmenta: Vrijeme za infrastrukturno partnerstvo BiH i SAD-a"},"content":{"rendered":"<p><\/p>\n<p><img loading=\"lazy\" decoding=\"async\" loading=\"lazy\" width=\"1024\" height=\"538\" src=\"https:\/\/cdn.fokus.ba\/wp-content\/uploads\/2025\/10\/edin-forto-1-1024x538.jpg\" class=\"attachment-large size-large wp-post-image\" alt=\"\"><\/p>\n<p>&#8220;U izgradnji i obnovi infrastrukture najskuplje je \u010dekanje. Bosna i Hercegovina vi\u0161e nema vremena za \u010dekanje&#8221;, naglasio je ministar Forto<\/p>\n<p><a href=\"https:\/\/www.fokus.ba\/vijesti\/bih\/forto-sa-predstavnicima-state-departmenta-vrijeme-za-infrastrukturno-partnerstvo-bih-i-sad-a\/3500417\/\">Fokus.ba <\/a><\/p>\n","protected":false},"excerpt":{"rendered":"<p>&#8220;U izgradnji i obnovi infrastrukture najskuplje je \u010dekanje. Bosna i Hercegovina vi\u0161e nema vremena za \u010dekanje&#8221;, naglasio je ministar Forto Fokus.ba<\/p>\n","protected":false},"author":1,"featured_media":30524,"comment_status":"open","ping_status":"open","sticky":false,"template":"","format":"standard","meta":{"_siteseo_robots_primary_cat":"","footnotes":""},"categories":[],"tags":[],"class_list":["post-30523","post","type-post","status-publish","format-standard","has-post-thumbnail"],"_links":{"self":[{"href":"https:\/\/modusportal.ba\/mojevijesti\/wp-json\/wp\/v2\/posts\/30523","targetHints":{"allow":["GET"]}}],"collection":[{"href":"https:\/\/modusportal.ba\/mojevijesti\/wp-json\/wp\/v2\/posts"}],"about":[{"href":"https:\/\/modusportal.ba\/mojevijesti\/wp-json\/wp\/v2\/types\/post"}],"author":[{"embeddable":true,"href":"https:\/\/modusportal.ba\/mojevijesti\/wp-json\/wp\/v2\/users\/1"}],"replies":[{"embeddable":true,"href":"https:\/\/modusportal.ba\/mojevijesti\/wp-json\/wp\/v2\/comments?post=30523"}],"version-history":[{"count":0,"href":"https:\/\/modusportal.ba\/mojevijesti\/wp-json\/wp\/v2\/posts\/30523\/revisions"}],"wp:featuredmedia":[{"embeddable":true,"href":"https:\/\/modusportal.ba\/mojevijesti\/wp-json\/wp\/v2\/media\/30524"}],"wp:attachment":[{"href":"https:\/\/modusportal.ba\/mojevijesti\/wp-json\/wp\/v2\/media?parent=30523"}],"wp:term":[{"taxonomy":"category","embeddable":true,"href":"https:\/\/modusportal.ba\/mojevijesti\/wp-json\/wp\/v2\/categories?post=30523"},{"taxonomy":"post_tag","embeddable":true,"href":"https:\/\/modusportal.ba\/mojevijesti\/wp-json\/wp\/v2\/tags?post=30523"}],"curies":[{"name":"wp","href":"https:\/\/api.w.org\/{rel}","templated":true}]}}