{"id":30529,"date":"2025-10-17T01:43:24","date_gmt":"2025-10-17T01:43:24","guid":{"rendered":"https:\/\/modusportal.ba\/mojevijesti\/2025\/10\/17\/sest-kandidata-za-novog-predsjednika-rs-cik-bih-objavio-imena-i-raspored-na-listicima\/"},"modified":"2025-10-17T01:43:24","modified_gmt":"2025-10-17T01:43:24","slug":"sest-kandidata-za-novog-predsjednika-rs-cik-bih-objavio-imena-i-raspored-na-listicima","status":"publish","type":"post","link":"https:\/\/modusportal.ba\/mojevijesti\/2025\/10\/17\/sest-kandidata-za-novog-predsjednika-rs-cik-bih-objavio-imena-i-raspored-na-listicima\/","title":{"rendered":"\u0160est kandidata za novog predsjednika RS, CIK BiH objavio imena i raspored na listi\u0107ima"},"content":{"rendered":"<p><\/p>\n<p><img loading=\"lazy\" decoding=\"async\" loading=\"lazy\" width=\"1024\" height=\"538\" src=\"https:\/\/cdn.fokus.ba\/wp-content\/uploads\/2025\/08\/cik-bih-1024x538.jpg\" class=\"attachment-large size-large wp-post-image\" alt=\"cik bih\"><\/p>\n<p>Centralna izborna komisija BiH je na dana\u0161njoj sjednici donijela i Odluku o utvr\u0111ivanju redoslijeda politi\u010dkih subjekata na glasa\u010dkom listi\u0107u<\/p>\n<p><a href=\"https:\/\/www.fokus.ba\/vijesti\/bih\/sest-kandidata-za-novog-predsjednika-rs-cik-bih-objavio-imena-i-raspored-na-listicima\/3500633\/\">Fokus.ba <\/a><\/p>\n","protected":false},"excerpt":{"rendered":"<p>Centralna izborna komisija BiH je na dana\u0161njoj sjednici donijela i Odluku o utvr\u0111ivanju redoslijeda politi\u010dkih subjekata na glasa\u010dkom listi\u0107u Fokus.ba<\/p>\n","protected":false},"author":1,"featured_media":30530,"comment_status":"open","ping_status":"open","sticky":false,"template":"","format":"standard","meta":{"_siteseo_robots_primary_cat":"","footnotes":""},"categories":[],"tags":[],"class_list":["post-30529","post","type-post","status-publish","format-standard","has-post-thumbnail"],"_links":{"self":[{"href":"https:\/\/modusportal.ba\/mojevijesti\/wp-json\/wp\/v2\/posts\/30529","targetHints":{"allow":["GET"]}}],"collection":[{"href":"https:\/\/modusportal.ba\/mojevijesti\/wp-json\/wp\/v2\/posts"}],"about":[{"href":"https:\/\/modusportal.ba\/mojevijesti\/wp-json\/wp\/v2\/types\/post"}],"author":[{"embeddable":true,"href":"https:\/\/modusportal.ba\/mojevijesti\/wp-json\/wp\/v2\/users\/1"}],"replies":[{"embeddable":true,"href":"https:\/\/modusportal.ba\/mojevijesti\/wp-json\/wp\/v2\/comments?post=30529"}],"version-history":[{"count":0,"href":"https:\/\/modusportal.ba\/mojevijesti\/wp-json\/wp\/v2\/posts\/30529\/revisions"}],"wp:featuredmedia":[{"embeddable":true,"href":"https:\/\/modusportal.ba\/mojevijesti\/wp-json\/wp\/v2\/media\/30530"}],"wp:attachment":[{"href":"https:\/\/modusportal.ba\/mojevijesti\/wp-json\/wp\/v2\/media?parent=30529"}],"wp:term":[{"taxonomy":"category","embeddable":true,"href":"https:\/\/modusportal.ba\/mojevijesti\/wp-json\/wp\/v2\/categories?post=30529"},{"taxonomy":"post_tag","embeddable":true,"href":"https:\/\/modusportal.ba\/mojevijesti\/wp-json\/wp\/v2\/tags?post=30529"}],"curies":[{"name":"wp","href":"https:\/\/api.w.org\/{rel}","templated":true}]}}