{"id":30539,"date":"2025-10-18T07:57:28","date_gmt":"2025-10-18T07:57:28","guid":{"rendered":"https:\/\/modusportal.ba\/mojevijesti\/2025\/10\/18\/dodik-kretenima-iz-sarajeva-morace-gledati-moju-facu-nece-orgijati-po-nasim-institucijama\/"},"modified":"2025-10-18T07:57:28","modified_gmt":"2025-10-18T07:57:28","slug":"dodik-kretenima-iz-sarajeva-morace-gledati-moju-facu-nece-orgijati-po-nasim-institucijama","status":"publish","type":"post","link":"https:\/\/modusportal.ba\/mojevijesti\/2025\/10\/18\/dodik-kretenima-iz-sarajeva-morace-gledati-moju-facu-nece-orgijati-po-nasim-institucijama\/","title":{"rendered":"Dodik \u201ckretenima iz Sarajeva\u201d: Mora\u0107e gledati moju facu, ne\u0107e orgijati po na\u0161im institucijama"},"content":{"rendered":"<p><\/p>\n<p><img loading=\"lazy\" decoding=\"async\" loading=\"lazy\" width=\"1024\" height=\"538\" src=\"https:\/\/cdn.fokus.ba\/wp-content\/uploads\/2025\/08\/milorad-dodik-1024x538.webp\" class=\"attachment-large size-large wp-post-image\" alt=\"milorad dodik\"><\/p>\n<p>&#8220;O mom politi\u010dkom kraju sam slu\u0161ao i prije 15 godina. Ne obra\u0107am pa\u017enju na to&#8221;, rekao je Dodik<\/p>\n<p><a href=\"https:\/\/www.fokus.ba\/vijesti\/bih\/dodik-kretenima-iz-sarajeva-morace-gledati-moju-facu-nece-orgijati-po-nasim-institucijama\/3500938\/\">Fokus.ba <\/a><\/p>\n","protected":false},"excerpt":{"rendered":"<p>&#8220;O mom politi\u010dkom kraju sam slu\u0161ao i prije 15 godina. Ne obra\u0107am pa\u017enju na to&#8221;, rekao je Dodik Fokus.ba<\/p>\n","protected":false},"author":1,"featured_media":30238,"comment_status":"open","ping_status":"open","sticky":false,"template":"","format":"standard","meta":{"_siteseo_robots_primary_cat":"","footnotes":""},"categories":[],"tags":[],"class_list":["post-30539","post","type-post","status-publish","format-standard","has-post-thumbnail"],"_links":{"self":[{"href":"https:\/\/modusportal.ba\/mojevijesti\/wp-json\/wp\/v2\/posts\/30539","targetHints":{"allow":["GET"]}}],"collection":[{"href":"https:\/\/modusportal.ba\/mojevijesti\/wp-json\/wp\/v2\/posts"}],"about":[{"href":"https:\/\/modusportal.ba\/mojevijesti\/wp-json\/wp\/v2\/types\/post"}],"author":[{"embeddable":true,"href":"https:\/\/modusportal.ba\/mojevijesti\/wp-json\/wp\/v2\/users\/1"}],"replies":[{"embeddable":true,"href":"https:\/\/modusportal.ba\/mojevijesti\/wp-json\/wp\/v2\/comments?post=30539"}],"version-history":[{"count":0,"href":"https:\/\/modusportal.ba\/mojevijesti\/wp-json\/wp\/v2\/posts\/30539\/revisions"}],"wp:featuredmedia":[{"embeddable":true,"href":"https:\/\/modusportal.ba\/mojevijesti\/wp-json\/wp\/v2\/media\/30238"}],"wp:attachment":[{"href":"https:\/\/modusportal.ba\/mojevijesti\/wp-json\/wp\/v2\/media?parent=30539"}],"wp:term":[{"taxonomy":"category","embeddable":true,"href":"https:\/\/modusportal.ba\/mojevijesti\/wp-json\/wp\/v2\/categories?post=30539"},{"taxonomy":"post_tag","embeddable":true,"href":"https:\/\/modusportal.ba\/mojevijesti\/wp-json\/wp\/v2\/tags?post=30539"}],"curies":[{"name":"wp","href":"https:\/\/api.w.org\/{rel}","templated":true}]}}