{"id":30542,"date":"2025-10-18T20:00:22","date_gmt":"2025-10-18T20:00:22","guid":{"rendered":"https:\/\/modusportal.ba\/mojevijesti\/2025\/10\/18\/dodikova-savjetnica-nasljeduje-predsjednicku-fotelju-nsrs-ponistila-antidejtonske-zakone\/"},"modified":"2025-10-18T20:00:22","modified_gmt":"2025-10-18T20:00:22","slug":"dodikova-savjetnica-nasljeduje-predsjednicku-fotelju-nsrs-ponistila-antidejtonske-zakone","status":"publish","type":"post","link":"https:\/\/modusportal.ba\/mojevijesti\/2025\/10\/18\/dodikova-savjetnica-nasljeduje-predsjednicku-fotelju-nsrs-ponistila-antidejtonske-zakone\/","title":{"rendered":"Dodikova savjetnica naslje\u0111uje predsjedni\u010dku fotelju, NSRS poni\u0161tila antidejtonske zakone"},"content":{"rendered":"<p><\/p>\n<p><img loading=\"lazy\" decoding=\"async\" loading=\"lazy\" width=\"1024\" height=\"538\" src=\"https:\/\/cdn.fokus.ba\/wp-content\/uploads\/2025\/10\/ana-trisic-babic-1-1024x538.jpg\" class=\"attachment-large size-large wp-post-image\" alt=\"ana tri\u0161i\u0107 babi\u0107\"><\/p>\n<p>Ana Tri\u0161i\u0107 Babi\u0107 bi trebala biti v.d. predsjednica RS do 23. novembra ove godine za kada je CIK BiH zakazao prijevremene izbore<\/p>\n<p><a href=\"https:\/\/www.fokus.ba\/vijesti\/bih\/dodikova-savjetnica-nasljedjuje-predsjednicku-fotelju-nsrs-ponistila-antidejtonske-zakone\/3501028\/\">Fokus.ba <\/a><\/p>\n","protected":false},"excerpt":{"rendered":"<p>Ana Tri\u0161i\u0107 Babi\u0107 bi trebala biti v.d. predsjednica RS do 23. novembra ove godine za kada je CIK BiH zakazao prijevremene izbore Fokus.ba<\/p>\n","protected":false},"author":1,"featured_media":30543,"comment_status":"open","ping_status":"open","sticky":false,"template":"","format":"standard","meta":{"_siteseo_robots_primary_cat":"","footnotes":""},"categories":[],"tags":[],"class_list":["post-30542","post","type-post","status-publish","format-standard","has-post-thumbnail"],"_links":{"self":[{"href":"https:\/\/modusportal.ba\/mojevijesti\/wp-json\/wp\/v2\/posts\/30542","targetHints":{"allow":["GET"]}}],"collection":[{"href":"https:\/\/modusportal.ba\/mojevijesti\/wp-json\/wp\/v2\/posts"}],"about":[{"href":"https:\/\/modusportal.ba\/mojevijesti\/wp-json\/wp\/v2\/types\/post"}],"author":[{"embeddable":true,"href":"https:\/\/modusportal.ba\/mojevijesti\/wp-json\/wp\/v2\/users\/1"}],"replies":[{"embeddable":true,"href":"https:\/\/modusportal.ba\/mojevijesti\/wp-json\/wp\/v2\/comments?post=30542"}],"version-history":[{"count":0,"href":"https:\/\/modusportal.ba\/mojevijesti\/wp-json\/wp\/v2\/posts\/30542\/revisions"}],"wp:featuredmedia":[{"embeddable":true,"href":"https:\/\/modusportal.ba\/mojevijesti\/wp-json\/wp\/v2\/media\/30543"}],"wp:attachment":[{"href":"https:\/\/modusportal.ba\/mojevijesti\/wp-json\/wp\/v2\/media?parent=30542"}],"wp:term":[{"taxonomy":"category","embeddable":true,"href":"https:\/\/modusportal.ba\/mojevijesti\/wp-json\/wp\/v2\/categories?post=30542"},{"taxonomy":"post_tag","embeddable":true,"href":"https:\/\/modusportal.ba\/mojevijesti\/wp-json\/wp\/v2\/tags?post=30542"}],"curies":[{"name":"wp","href":"https:\/\/api.w.org\/{rel}","templated":true}]}}