{"id":30568,"date":"2025-10-22T02:58:25","date_gmt":"2025-10-22T02:58:25","guid":{"rendered":"https:\/\/modusportal.ba\/mojevijesti\/2025\/10\/22\/prodaje-se-blindirani-bmw-kojim-se-vozio-alija-izetbegovic-poznata-je-i-pocetna-cijena\/"},"modified":"2025-10-22T02:58:25","modified_gmt":"2025-10-22T02:58:25","slug":"prodaje-se-blindirani-bmw-kojim-se-vozio-alija-izetbegovic-poznata-je-i-pocetna-cijena","status":"publish","type":"post","link":"https:\/\/modusportal.ba\/mojevijesti\/2025\/10\/22\/prodaje-se-blindirani-bmw-kojim-se-vozio-alija-izetbegovic-poznata-je-i-pocetna-cijena\/","title":{"rendered":"Prodaje se blindirani BMW kojim se vozio Alija Izetbegovi\u0107. Poznata je i po\u010detna cijena"},"content":{"rendered":"<p><\/p>\n<p><img loading=\"lazy\" decoding=\"async\" loading=\"lazy\" width=\"1024\" height=\"538\" src=\"https:\/\/cdn.fokus.ba\/wp-content\/uploads\/2025\/10\/alija-bmw-1024x538.webp\" class=\"attachment-large size-large wp-post-image\" alt=\"alija bmw\"><\/p>\n<p>U oglasu je dodatno nagla\u0161eno da vozila koja su koristili dr\u017eavnici u mnogim zemljama kasnije postaju dijelom muzejskih postavki ili privatnih kolekcija, \u0161to ovom automobilu daje dodatnu kulturno-historijsku va\u017enost<\/p>\n<p><a href=\"https:\/\/www.fokus.ba\/vijesti\/bih\/prodaje-se-blindirani-bmw-kojim-se-vozio-alija-izetbegovic-poznata-je-i-pocetna-cijena\/3502284\/\">Fokus.ba <\/a><\/p>\n","protected":false},"excerpt":{"rendered":"<p>U oglasu je dodatno nagla\u0161eno da vozila koja su koristili dr\u017eavnici u mnogim zemljama kasnije postaju dijelom muzejskih postavki ili privatnih kolekcija, \u0161to ovom automobilu daje dodatnu kulturno-historijsku va\u017enost Fokus.ba<\/p>\n","protected":false},"author":1,"featured_media":30569,"comment_status":"open","ping_status":"open","sticky":false,"template":"","format":"standard","meta":{"_siteseo_robots_primary_cat":"","footnotes":""},"categories":[],"tags":[],"class_list":["post-30568","post","type-post","status-publish","format-standard","has-post-thumbnail"],"_links":{"self":[{"href":"https:\/\/modusportal.ba\/mojevijesti\/wp-json\/wp\/v2\/posts\/30568","targetHints":{"allow":["GET"]}}],"collection":[{"href":"https:\/\/modusportal.ba\/mojevijesti\/wp-json\/wp\/v2\/posts"}],"about":[{"href":"https:\/\/modusportal.ba\/mojevijesti\/wp-json\/wp\/v2\/types\/post"}],"author":[{"embeddable":true,"href":"https:\/\/modusportal.ba\/mojevijesti\/wp-json\/wp\/v2\/users\/1"}],"replies":[{"embeddable":true,"href":"https:\/\/modusportal.ba\/mojevijesti\/wp-json\/wp\/v2\/comments?post=30568"}],"version-history":[{"count":0,"href":"https:\/\/modusportal.ba\/mojevijesti\/wp-json\/wp\/v2\/posts\/30568\/revisions"}],"wp:featuredmedia":[{"embeddable":true,"href":"https:\/\/modusportal.ba\/mojevijesti\/wp-json\/wp\/v2\/media\/30569"}],"wp:attachment":[{"href":"https:\/\/modusportal.ba\/mojevijesti\/wp-json\/wp\/v2\/media?parent=30568"}],"wp:term":[{"taxonomy":"category","embeddable":true,"href":"https:\/\/modusportal.ba\/mojevijesti\/wp-json\/wp\/v2\/categories?post=30568"},{"taxonomy":"post_tag","embeddable":true,"href":"https:\/\/modusportal.ba\/mojevijesti\/wp-json\/wp\/v2\/tags?post=30568"}],"curies":[{"name":"wp","href":"https:\/\/api.w.org\/{rel}","templated":true}]}}