{"id":30572,"date":"2025-10-22T15:03:47","date_gmt":"2025-10-22T15:03:47","guid":{"rendered":"https:\/\/modusportal.ba\/mojevijesti\/2025\/10\/22\/becirovic-razgovarao-s-ginkelom-nastavak-strateskog-partnerstva-bih-i-sad\/"},"modified":"2025-10-22T15:03:47","modified_gmt":"2025-10-22T15:03:47","slug":"becirovic-razgovarao-s-ginkelom-nastavak-strateskog-partnerstva-bih-i-sad","status":"publish","type":"post","link":"https:\/\/modusportal.ba\/mojevijesti\/2025\/10\/22\/becirovic-razgovarao-s-ginkelom-nastavak-strateskog-partnerstva-bih-i-sad\/","title":{"rendered":"Be\u0107irovi\u0107 razgovarao s Ginkelom: Nastavak strate\u0161kog partnerstva BiH i SAD"},"content":{"rendered":"<p><\/p>\n<p><img loading=\"lazy\" decoding=\"async\" loading=\"lazy\" width=\"1024\" height=\"683\" src=\"https:\/\/cdn.fokus.ba\/wp-content\/uploads\/2025\/10\/becirovic-ginkel.jpg\" class=\"attachment-large size-large wp-post-image\" alt=\"becirovic ginkel\"><\/p>\n<p>Be\u0107irovi\u0107 i Ginkel su konstatirali da je od su\u0161tinskog zna\u010daja nastavak zajedni\u010dkog rada na ja\u010danju vladavine prava, unapre\u0111enju ekonomskih prilika i kreiranju stabilnog okru\u017eenja<\/p>\n<p><a href=\"https:\/\/www.fokus.ba\/vijesti\/bih\/becirovic-razgovarao-s-ginkelom-nastavak-strateskog-partnerstva-bih-i-sad\/3502579\/\">Fokus.ba <\/a><\/p>\n","protected":false},"excerpt":{"rendered":"<p>Be\u0107irovi\u0107 i Ginkel su konstatirali da je od su\u0161tinskog zna\u010daja nastavak zajedni\u010dkog rada na ja\u010danju vladavine prava, unapre\u0111enju ekonomskih prilika i kreiranju stabilnog okru\u017eenja Fokus.ba<\/p>\n","protected":false},"author":1,"featured_media":30573,"comment_status":"open","ping_status":"open","sticky":false,"template":"","format":"standard","meta":{"_siteseo_robots_primary_cat":"","footnotes":""},"categories":[],"tags":[],"class_list":["post-30572","post","type-post","status-publish","format-standard","has-post-thumbnail"],"_links":{"self":[{"href":"https:\/\/modusportal.ba\/mojevijesti\/wp-json\/wp\/v2\/posts\/30572","targetHints":{"allow":["GET"]}}],"collection":[{"href":"https:\/\/modusportal.ba\/mojevijesti\/wp-json\/wp\/v2\/posts"}],"about":[{"href":"https:\/\/modusportal.ba\/mojevijesti\/wp-json\/wp\/v2\/types\/post"}],"author":[{"embeddable":true,"href":"https:\/\/modusportal.ba\/mojevijesti\/wp-json\/wp\/v2\/users\/1"}],"replies":[{"embeddable":true,"href":"https:\/\/modusportal.ba\/mojevijesti\/wp-json\/wp\/v2\/comments?post=30572"}],"version-history":[{"count":0,"href":"https:\/\/modusportal.ba\/mojevijesti\/wp-json\/wp\/v2\/posts\/30572\/revisions"}],"wp:featuredmedia":[{"embeddable":true,"href":"https:\/\/modusportal.ba\/mojevijesti\/wp-json\/wp\/v2\/media\/30573"}],"wp:attachment":[{"href":"https:\/\/modusportal.ba\/mojevijesti\/wp-json\/wp\/v2\/media?parent=30572"}],"wp:term":[{"taxonomy":"category","embeddable":true,"href":"https:\/\/modusportal.ba\/mojevijesti\/wp-json\/wp\/v2\/categories?post=30572"},{"taxonomy":"post_tag","embeddable":true,"href":"https:\/\/modusportal.ba\/mojevijesti\/wp-json\/wp\/v2\/tags?post=30572"}],"curies":[{"name":"wp","href":"https:\/\/api.w.org\/{rel}","templated":true}]}}