{"id":30574,"date":"2025-10-22T21:06:03","date_gmt":"2025-10-22T21:06:03","guid":{"rendered":"https:\/\/modusportal.ba\/mojevijesti\/2025\/10\/22\/evropa-ceka-oluju-benjamin-hladna-fronta-stize-u-bih-donosi-snijeg\/"},"modified":"2025-10-22T21:06:03","modified_gmt":"2025-10-22T21:06:03","slug":"evropa-ceka-oluju-benjamin-hladna-fronta-stize-u-bih-donosi-snijeg","status":"publish","type":"post","link":"https:\/\/modusportal.ba\/mojevijesti\/2025\/10\/22\/evropa-ceka-oluju-benjamin-hladna-fronta-stize-u-bih-donosi-snijeg\/","title":{"rendered":"Evropa \u010deka oluju Benjamin: Hladna fronta sti\u017ee u BiH, donosi snijeg"},"content":{"rendered":"<p><\/p>\n<p><img loading=\"lazy\" decoding=\"async\" loading=\"lazy\" width=\"1024\" height=\"538\" src=\"https:\/\/cdn.fokus.ba\/wp-content\/uploads\/2025\/10\/bh-meteo-1024x538.jpg\" class=\"attachment-large size-large wp-post-image\" alt=\"\"><\/p>\n<p>Oluja Benjamin koja \u0107e pogoditi podru\u010dje Evrope, a koju je imenovala francuska meteorolo\u0161ka slu\u017eba M\u00e9t\u00e9o France, donijet \u0107e vla\u017eno i vjetrovito vrijeme \u0161irom zapadne Evrope<\/p>\n<p><a href=\"https:\/\/www.fokus.ba\/vijesti\/bih\/evropa-ceka-oluju-benjamin-hladna-fronta-stize-u-bih-donosi-snijeg\/3502621\/\">Fokus.ba <\/a><\/p>\n","protected":false},"excerpt":{"rendered":"<p>Oluja Benjamin koja \u0107e pogoditi podru\u010dje Evrope, a koju je imenovala francuska meteorolo\u0161ka slu\u017eba M\u00e9t\u00e9o France, donijet \u0107e vla\u017eno i vjetrovito vrijeme \u0161irom zapadne Evrope Fokus.ba<\/p>\n","protected":false},"author":1,"featured_media":30575,"comment_status":"open","ping_status":"open","sticky":false,"template":"","format":"standard","meta":{"_siteseo_robots_primary_cat":"","footnotes":""},"categories":[],"tags":[],"class_list":["post-30574","post","type-post","status-publish","format-standard","has-post-thumbnail"],"_links":{"self":[{"href":"https:\/\/modusportal.ba\/mojevijesti\/wp-json\/wp\/v2\/posts\/30574","targetHints":{"allow":["GET"]}}],"collection":[{"href":"https:\/\/modusportal.ba\/mojevijesti\/wp-json\/wp\/v2\/posts"}],"about":[{"href":"https:\/\/modusportal.ba\/mojevijesti\/wp-json\/wp\/v2\/types\/post"}],"author":[{"embeddable":true,"href":"https:\/\/modusportal.ba\/mojevijesti\/wp-json\/wp\/v2\/users\/1"}],"replies":[{"embeddable":true,"href":"https:\/\/modusportal.ba\/mojevijesti\/wp-json\/wp\/v2\/comments?post=30574"}],"version-history":[{"count":0,"href":"https:\/\/modusportal.ba\/mojevijesti\/wp-json\/wp\/v2\/posts\/30574\/revisions"}],"wp:featuredmedia":[{"embeddable":true,"href":"https:\/\/modusportal.ba\/mojevijesti\/wp-json\/wp\/v2\/media\/30575"}],"wp:attachment":[{"href":"https:\/\/modusportal.ba\/mojevijesti\/wp-json\/wp\/v2\/media?parent=30574"}],"wp:term":[{"taxonomy":"category","embeddable":true,"href":"https:\/\/modusportal.ba\/mojevijesti\/wp-json\/wp\/v2\/categories?post=30574"},{"taxonomy":"post_tag","embeddable":true,"href":"https:\/\/modusportal.ba\/mojevijesti\/wp-json\/wp\/v2\/tags?post=30574"}],"curies":[{"name":"wp","href":"https:\/\/api.w.org\/{rel}","templated":true}]}}