{"id":30576,"date":"2025-10-23T03:06:35","date_gmt":"2025-10-23T03:06:35","guid":{"rendered":"https:\/\/modusportal.ba\/mojevijesti\/2025\/10\/23\/kristo-na-samitu-berlinskog-procesa-zemlje-regije-povezuje-isti-cilj-napredak-na-putu-eu\/"},"modified":"2025-10-23T03:06:35","modified_gmt":"2025-10-23T03:06:35","slug":"kristo-na-samitu-berlinskog-procesa-zemlje-regije-povezuje-isti-cilj-napredak-na-putu-eu","status":"publish","type":"post","link":"https:\/\/modusportal.ba\/mojevijesti\/2025\/10\/23\/kristo-na-samitu-berlinskog-procesa-zemlje-regije-povezuje-isti-cilj-napredak-na-putu-eu\/","title":{"rendered":"Kri\u0161to na Samitu Berlinskog procesa: Zemlje regije povezuje isti cilj \u2013 napredak na putu EU"},"content":{"rendered":"<p><\/p>\n<p><img loading=\"lazy\" decoding=\"async\" loading=\"lazy\" width=\"1024\" height=\"538\" src=\"https:\/\/cdn.fokus.ba\/wp-content\/uploads\/2025\/10\/samit-berlinskog-procesa-1024x538.jpg\" class=\"attachment-large size-large wp-post-image\" alt=\"samit berlinskog procesa\"><\/p>\n<p>Kri\u0161to je govorila i o strate\u0161koj viziji koja usmjerava zemlje Zapadnog Balkana, svaku sa svojim specifi\u010dnostima, prema punopravnom \u010dlanstvu u Evropskoj uniji<\/p>\n<p><a href=\"https:\/\/www.fokus.ba\/vijesti\/bih\/kristo-na-samitu-berlinskog-procesa-zemlje-regije-povezuje-isti-cilj-napredak-na-putu-eu\/3502616\/\">Fokus.ba <\/a><\/p>\n","protected":false},"excerpt":{"rendered":"<p>Kri\u0161to je govorila i o strate\u0161koj viziji koja usmjerava zemlje Zapadnog Balkana, svaku sa svojim specifi\u010dnostima, prema punopravnom \u010dlanstvu u Evropskoj uniji Fokus.ba<\/p>\n","protected":false},"author":1,"featured_media":30577,"comment_status":"open","ping_status":"open","sticky":false,"template":"","format":"standard","meta":{"_siteseo_robots_primary_cat":"","footnotes":""},"categories":[],"tags":[],"class_list":["post-30576","post","type-post","status-publish","format-standard","has-post-thumbnail"],"_links":{"self":[{"href":"https:\/\/modusportal.ba\/mojevijesti\/wp-json\/wp\/v2\/posts\/30576","targetHints":{"allow":["GET"]}}],"collection":[{"href":"https:\/\/modusportal.ba\/mojevijesti\/wp-json\/wp\/v2\/posts"}],"about":[{"href":"https:\/\/modusportal.ba\/mojevijesti\/wp-json\/wp\/v2\/types\/post"}],"author":[{"embeddable":true,"href":"https:\/\/modusportal.ba\/mojevijesti\/wp-json\/wp\/v2\/users\/1"}],"replies":[{"embeddable":true,"href":"https:\/\/modusportal.ba\/mojevijesti\/wp-json\/wp\/v2\/comments?post=30576"}],"version-history":[{"count":0,"href":"https:\/\/modusportal.ba\/mojevijesti\/wp-json\/wp\/v2\/posts\/30576\/revisions"}],"wp:featuredmedia":[{"embeddable":true,"href":"https:\/\/modusportal.ba\/mojevijesti\/wp-json\/wp\/v2\/media\/30577"}],"wp:attachment":[{"href":"https:\/\/modusportal.ba\/mojevijesti\/wp-json\/wp\/v2\/media?parent=30576"}],"wp:term":[{"taxonomy":"category","embeddable":true,"href":"https:\/\/modusportal.ba\/mojevijesti\/wp-json\/wp\/v2\/categories?post=30576"},{"taxonomy":"post_tag","embeddable":true,"href":"https:\/\/modusportal.ba\/mojevijesti\/wp-json\/wp\/v2\/tags?post=30576"}],"curies":[{"name":"wp","href":"https:\/\/api.w.org\/{rel}","templated":true}]}}