{"id":30583,"date":"2025-10-24T03:20:51","date_gmt":"2025-10-24T03:20:51","guid":{"rendered":"https:\/\/modusportal.ba\/mojevijesti\/2025\/10\/24\/austrijska-ambasada-u-bih-obijezila-nacionalni-praznik-austrije\/"},"modified":"2025-10-24T03:20:51","modified_gmt":"2025-10-24T03:20:51","slug":"austrijska-ambasada-u-bih-obijezila-nacionalni-praznik-austrije","status":"publish","type":"post","link":"https:\/\/modusportal.ba\/mojevijesti\/2025\/10\/24\/austrijska-ambasada-u-bih-obijezila-nacionalni-praznik-austrije\/","title":{"rendered":"Austrijska ambasada u BiH obije\u017eila Nacionalni praznik Austrije"},"content":{"rendered":"<p><\/p>\n<p><img loading=\"lazy\" decoding=\"async\" loading=\"lazy\" width=\"1024\" height=\"538\" src=\"https:\/\/cdn.fokus.ba\/wp-content\/uploads\/2025\/10\/austrijska-ambasada-1024x538.webp\" class=\"attachment-large size-large wp-post-image\" alt=\"\"><\/p>\n<p>Osim predstavnika vlasti u BiH dr\u017eavnog i entitetskih nivoa, kantonalnih i op\u0107inskih, prijemu su prisustvovali \u010dlanovi diplomatskog kora u BiH, predstavnici civilnog dru\u0161tva, kulturni poslenici i brojni drugi gosti<\/p>\n<p><a href=\"https:\/\/www.fokus.ba\/vijesti\/bih\/austrijska-ambasada-u-bih-obijezila-nacionalni-praznik-austrije\/3502880\/\">Fokus.ba <\/a><\/p>\n","protected":false},"excerpt":{"rendered":"<p>Osim predstavnika vlasti u BiH dr\u017eavnog i entitetskih nivoa, kantonalnih i op\u0107inskih, prijemu su prisustvovali \u010dlanovi diplomatskog kora u BiH, predstavnici civilnog dru\u0161tva, kulturni poslenici i brojni drugi gosti Fokus.ba<\/p>\n","protected":false},"author":1,"featured_media":30584,"comment_status":"open","ping_status":"open","sticky":false,"template":"","format":"standard","meta":{"_siteseo_robots_primary_cat":"","footnotes":""},"categories":[],"tags":[],"class_list":["post-30583","post","type-post","status-publish","format-standard","has-post-thumbnail"],"_links":{"self":[{"href":"https:\/\/modusportal.ba\/mojevijesti\/wp-json\/wp\/v2\/posts\/30583","targetHints":{"allow":["GET"]}}],"collection":[{"href":"https:\/\/modusportal.ba\/mojevijesti\/wp-json\/wp\/v2\/posts"}],"about":[{"href":"https:\/\/modusportal.ba\/mojevijesti\/wp-json\/wp\/v2\/types\/post"}],"author":[{"embeddable":true,"href":"https:\/\/modusportal.ba\/mojevijesti\/wp-json\/wp\/v2\/users\/1"}],"replies":[{"embeddable":true,"href":"https:\/\/modusportal.ba\/mojevijesti\/wp-json\/wp\/v2\/comments?post=30583"}],"version-history":[{"count":0,"href":"https:\/\/modusportal.ba\/mojevijesti\/wp-json\/wp\/v2\/posts\/30583\/revisions"}],"wp:featuredmedia":[{"embeddable":true,"href":"https:\/\/modusportal.ba\/mojevijesti\/wp-json\/wp\/v2\/media\/30584"}],"wp:attachment":[{"href":"https:\/\/modusportal.ba\/mojevijesti\/wp-json\/wp\/v2\/media?parent=30583"}],"wp:term":[{"taxonomy":"category","embeddable":true,"href":"https:\/\/modusportal.ba\/mojevijesti\/wp-json\/wp\/v2\/categories?post=30583"},{"taxonomy":"post_tag","embeddable":true,"href":"https:\/\/modusportal.ba\/mojevijesti\/wp-json\/wp\/v2\/tags?post=30583"}],"curies":[{"name":"wp","href":"https:\/\/api.w.org\/{rel}","templated":true}]}}