{"id":30591,"date":"2025-10-25T03:27:51","date_gmt":"2025-10-25T03:27:51","guid":{"rendered":"https:\/\/modusportal.ba\/mojevijesti\/2025\/10\/25\/sehic-samo-jedna-situacija-moze-odgoditi-prijevremene-izbore-za-predsjednika-rs\/"},"modified":"2025-10-25T03:27:51","modified_gmt":"2025-10-25T03:27:51","slug":"sehic-samo-jedna-situacija-moze-odgoditi-prijevremene-izbore-za-predsjednika-rs","status":"publish","type":"post","link":"https:\/\/modusportal.ba\/mojevijesti\/2025\/10\/25\/sehic-samo-jedna-situacija-moze-odgoditi-prijevremene-izbore-za-predsjednika-rs\/","title":{"rendered":"\u0160ehi\u0107: Samo jedna situacija mo\u017ee odgoditi prijevremene izbore za predsjednika RS"},"content":{"rendered":"<p><\/p>\n<p><img loading=\"lazy\" decoding=\"async\" loading=\"lazy\" width=\"1024\" height=\"538\" src=\"https:\/\/cdn.fokus.ba\/wp-content\/uploads\/2025\/10\/vehid-sehic-cik-bih-1024x538.webp\" class=\"attachment-large size-large wp-post-image\" alt=\"vehid sehic cik bih\"><\/p>\n<p>&#8220;CIK BiH, po Izbornom zakonu BiH, mora da sprovede prijevremene izbore koje je i raspisao na osnovu istog zakona&#8221;, nagla\u0161ava \u0160ehi\u0107.<\/p>\n<p><a href=\"https:\/\/www.fokus.ba\/vijesti\/bih\/sehic-samo-jedna-situacija-moze-odgoditi-prijevremene-izbore-za-predsjednika-rs\/3503113\/\">Fokus.ba <\/a><\/p>\n","protected":false},"excerpt":{"rendered":"<p>&#8220;CIK BiH, po Izbornom zakonu BiH, mora da sprovede prijevremene izbore koje je i raspisao na osnovu istog zakona&#8221;, nagla\u0161ava \u0160ehi\u0107. Fokus.ba<\/p>\n","protected":false},"author":1,"featured_media":30592,"comment_status":"open","ping_status":"open","sticky":false,"template":"","format":"standard","meta":{"_siteseo_robots_primary_cat":"","footnotes":""},"categories":[],"tags":[],"class_list":["post-30591","post","type-post","status-publish","format-standard","has-post-thumbnail"],"_links":{"self":[{"href":"https:\/\/modusportal.ba\/mojevijesti\/wp-json\/wp\/v2\/posts\/30591","targetHints":{"allow":["GET"]}}],"collection":[{"href":"https:\/\/modusportal.ba\/mojevijesti\/wp-json\/wp\/v2\/posts"}],"about":[{"href":"https:\/\/modusportal.ba\/mojevijesti\/wp-json\/wp\/v2\/types\/post"}],"author":[{"embeddable":true,"href":"https:\/\/modusportal.ba\/mojevijesti\/wp-json\/wp\/v2\/users\/1"}],"replies":[{"embeddable":true,"href":"https:\/\/modusportal.ba\/mojevijesti\/wp-json\/wp\/v2\/comments?post=30591"}],"version-history":[{"count":0,"href":"https:\/\/modusportal.ba\/mojevijesti\/wp-json\/wp\/v2\/posts\/30591\/revisions"}],"wp:featuredmedia":[{"embeddable":true,"href":"https:\/\/modusportal.ba\/mojevijesti\/wp-json\/wp\/v2\/media\/30592"}],"wp:attachment":[{"href":"https:\/\/modusportal.ba\/mojevijesti\/wp-json\/wp\/v2\/media?parent=30591"}],"wp:term":[{"taxonomy":"category","embeddable":true,"href":"https:\/\/modusportal.ba\/mojevijesti\/wp-json\/wp\/v2\/categories?post=30591"},{"taxonomy":"post_tag","embeddable":true,"href":"https:\/\/modusportal.ba\/mojevijesti\/wp-json\/wp\/v2\/tags?post=30591"}],"curies":[{"name":"wp","href":"https:\/\/api.w.org\/{rel}","templated":true}]}}