{"id":30595,"date":"2025-10-25T15:40:09","date_gmt":"2025-10-25T15:40:09","guid":{"rendered":"https:\/\/modusportal.ba\/mojevijesti\/2025\/10\/25\/u-bih-najavljene-obilnije-padavine-ali-pocetak-novembra-donosi-neocekivanu-promjenu-vremena\/"},"modified":"2025-10-25T15:40:09","modified_gmt":"2025-10-25T15:40:09","slug":"u-bih-najavljene-obilnije-padavine-ali-pocetak-novembra-donosi-neocekivanu-promjenu-vremena","status":"publish","type":"post","link":"https:\/\/modusportal.ba\/mojevijesti\/2025\/10\/25\/u-bih-najavljene-obilnije-padavine-ali-pocetak-novembra-donosi-neocekivanu-promjenu-vremena\/","title":{"rendered":"U BiH najavljene obilnije padavine, ali po\u010detak novembra donosi neo\u010dekivanu promjenu vremena"},"content":{"rendered":"<p><\/p>\n<p><img loading=\"lazy\" decoding=\"async\" loading=\"lazy\" width=\"1024\" height=\"538\" src=\"https:\/\/cdn.fokus.ba\/wp-content\/uploads\/2025\/10\/padavine-1024x538.webp\" class=\"attachment-large size-large wp-post-image\" alt=\"padavine\"><\/p>\n<p>U nedjelju nave\u010der kratkotrajno \u0107e se spustiti hladniji zrak sa sjevera, uz koji \u0107e u ponedjeljak ujutro na planinama centralnog i isto\u010dnog dijela na\u0161e zemlje prolazno biti malo snijega<\/p>\n<p><a href=\"https:\/\/www.fokus.ba\/vijesti\/bih\/u-bih-najavljene-obilnije-padavine-ali-pocetak-novembra-donosi-neocekivanu-promjenu-vremena\/3503288\/\">Fokus.ba <\/a><\/p>\n","protected":false},"excerpt":{"rendered":"<p>U nedjelju nave\u010der kratkotrajno \u0107e se spustiti hladniji zrak sa sjevera, uz koji \u0107e u ponedjeljak ujutro na planinama centralnog i isto\u010dnog dijela na\u0161e zemlje prolazno biti malo snijega Fokus.ba<\/p>\n","protected":false},"author":1,"featured_media":30596,"comment_status":"open","ping_status":"open","sticky":false,"template":"","format":"standard","meta":{"_siteseo_robots_primary_cat":"","footnotes":""},"categories":[],"tags":[],"class_list":["post-30595","post","type-post","status-publish","format-standard","has-post-thumbnail"],"_links":{"self":[{"href":"https:\/\/modusportal.ba\/mojevijesti\/wp-json\/wp\/v2\/posts\/30595","targetHints":{"allow":["GET"]}}],"collection":[{"href":"https:\/\/modusportal.ba\/mojevijesti\/wp-json\/wp\/v2\/posts"}],"about":[{"href":"https:\/\/modusportal.ba\/mojevijesti\/wp-json\/wp\/v2\/types\/post"}],"author":[{"embeddable":true,"href":"https:\/\/modusportal.ba\/mojevijesti\/wp-json\/wp\/v2\/users\/1"}],"replies":[{"embeddable":true,"href":"https:\/\/modusportal.ba\/mojevijesti\/wp-json\/wp\/v2\/comments?post=30595"}],"version-history":[{"count":0,"href":"https:\/\/modusportal.ba\/mojevijesti\/wp-json\/wp\/v2\/posts\/30595\/revisions"}],"wp:featuredmedia":[{"embeddable":true,"href":"https:\/\/modusportal.ba\/mojevijesti\/wp-json\/wp\/v2\/media\/30596"}],"wp:attachment":[{"href":"https:\/\/modusportal.ba\/mojevijesti\/wp-json\/wp\/v2\/media?parent=30595"}],"wp:term":[{"taxonomy":"category","embeddable":true,"href":"https:\/\/modusportal.ba\/mojevijesti\/wp-json\/wp\/v2\/categories?post=30595"},{"taxonomy":"post_tag","embeddable":true,"href":"https:\/\/modusportal.ba\/mojevijesti\/wp-json\/wp\/v2\/tags?post=30595"}],"curies":[{"name":"wp","href":"https:\/\/api.w.org\/{rel}","templated":true}]}}