{"id":30597,"date":"2025-10-25T21:43:25","date_gmt":"2025-10-25T21:43:25","guid":{"rendered":"https:\/\/modusportal.ba\/mojevijesti\/2025\/10\/25\/becirovic-formiranje-globalne-mreze-bh-dijaspore-vazan-iskorak-u-povezivanju-dijaspore-i-domovine\/"},"modified":"2025-10-25T21:43:25","modified_gmt":"2025-10-25T21:43:25","slug":"becirovic-formiranje-globalne-mreze-bh-dijaspore-vazan-iskorak-u-povezivanju-dijaspore-i-domovine","status":"publish","type":"post","link":"https:\/\/modusportal.ba\/mojevijesti\/2025\/10\/25\/becirovic-formiranje-globalne-mreze-bh-dijaspore-vazan-iskorak-u-povezivanju-dijaspore-i-domovine\/","title":{"rendered":"Be\u0107irovi\u0107: Formiranje Globalne mre\u017ee bh. dijaspore va\u017ean iskorak u povezivanju dijaspore i domovine"},"content":{"rendered":"<p><\/p>\n<p><img loading=\"lazy\" decoding=\"async\" loading=\"lazy\" width=\"1024\" height=\"538\" src=\"https:\/\/cdn.fokus.ba\/wp-content\/uploads\/2025\/10\/becirovic-dijaspora-1024x538.webp\" class=\"attachment-large size-large wp-post-image\" alt=\"becirovic dijaspora\"><\/p>\n<p>Predstavnici bh. dijaspore naglasili su da je ovo prvi put da neki \u010dlan Predsjedni\u0161tva BiH organizira otvoren razgovor s gra\u0111anima Bosne i Hercegovine u Republici Austriji, kako bi se otvorile va\u017ene teme od interesa za dr\u017eavu<\/p>\n<p><a href=\"https:\/\/www.fokus.ba\/vijesti\/bih\/becirovic-formiranje-globalne-mreze-bh-dijaspore-vazan-iskorak-u-povezivanju-dijaspore-i-domovine\/3503194\/\">Fokus.ba <\/a><\/p>\n","protected":false},"excerpt":{"rendered":"<p>Predstavnici bh. dijaspore naglasili su da je ovo prvi put da neki \u010dlan Predsjedni\u0161tva BiH organizira otvoren razgovor s gra\u0111anima Bosne i Hercegovine u Republici Austriji, kako bi se otvorile va\u017ene teme od interesa za dr\u017eavu Fokus.ba<\/p>\n","protected":false},"author":1,"featured_media":30598,"comment_status":"open","ping_status":"open","sticky":false,"template":"","format":"standard","meta":{"_siteseo_robots_primary_cat":"","footnotes":""},"categories":[],"tags":[],"class_list":["post-30597","post","type-post","status-publish","format-standard","has-post-thumbnail"],"_links":{"self":[{"href":"https:\/\/modusportal.ba\/mojevijesti\/wp-json\/wp\/v2\/posts\/30597","targetHints":{"allow":["GET"]}}],"collection":[{"href":"https:\/\/modusportal.ba\/mojevijesti\/wp-json\/wp\/v2\/posts"}],"about":[{"href":"https:\/\/modusportal.ba\/mojevijesti\/wp-json\/wp\/v2\/types\/post"}],"author":[{"embeddable":true,"href":"https:\/\/modusportal.ba\/mojevijesti\/wp-json\/wp\/v2\/users\/1"}],"replies":[{"embeddable":true,"href":"https:\/\/modusportal.ba\/mojevijesti\/wp-json\/wp\/v2\/comments?post=30597"}],"version-history":[{"count":0,"href":"https:\/\/modusportal.ba\/mojevijesti\/wp-json\/wp\/v2\/posts\/30597\/revisions"}],"wp:featuredmedia":[{"embeddable":true,"href":"https:\/\/modusportal.ba\/mojevijesti\/wp-json\/wp\/v2\/media\/30598"}],"wp:attachment":[{"href":"https:\/\/modusportal.ba\/mojevijesti\/wp-json\/wp\/v2\/media?parent=30597"}],"wp:term":[{"taxonomy":"category","embeddable":true,"href":"https:\/\/modusportal.ba\/mojevijesti\/wp-json\/wp\/v2\/categories?post=30597"},{"taxonomy":"post_tag","embeddable":true,"href":"https:\/\/modusportal.ba\/mojevijesti\/wp-json\/wp\/v2\/tags?post=30597"}],"curies":[{"name":"wp","href":"https:\/\/api.w.org\/{rel}","templated":true}]}}