{"id":30626,"date":"2025-10-29T16:45:30","date_gmt":"2025-10-29T16:45:30","guid":{"rendered":"https:\/\/modusportal.ba\/mojevijesti\/2025\/10\/29\/dodik-zahvalan-sam-trumpu-danas-je-jasno-rs-nikada-nece-pasti\/"},"modified":"2025-10-29T16:45:30","modified_gmt":"2025-10-29T16:45:30","slug":"dodik-zahvalan-sam-trumpu-danas-je-jasno-rs-nikada-nece-pasti","status":"publish","type":"post","link":"https:\/\/modusportal.ba\/mojevijesti\/2025\/10\/29\/dodik-zahvalan-sam-trumpu-danas-je-jasno-rs-nikada-nece-pasti\/","title":{"rendered":"Dodik: Zahvalan sam Trumpu. Danas je jasno \u2013 RS nikada ne\u0107e pasti"},"content":{"rendered":"<p><\/p>\n<p><img loading=\"lazy\" decoding=\"async\" loading=\"lazy\" width=\"1024\" height=\"538\" src=\"https:\/\/cdn.fokus.ba\/wp-content\/uploads\/2025\/03\/dodik-1024x538.webp\" class=\"attachment-large size-large wp-post-image\" alt=\"milorad dodik\"><\/p>\n<p>Napisao je da odluka o ukidanju sankcija nije samo pravna, ve\u0107 &#8220;moralna rehabilitacija istine o Republici Srpskoj i svima koji joj \u010dasno slu\u017ee&#8221;<\/p>\n<p><a href=\"https:\/\/www.fokus.ba\/vijesti\/bih\/dodik-zahvalan-sam-trumpu-danas-je-jasno-rs-nikada-nece-pasti\/3504191\/\">Fokus.ba <\/a><\/p>\n","protected":false},"excerpt":{"rendered":"<p>Napisao je da odluka o ukidanju sankcija nije samo pravna, ve\u0107 &#8220;moralna rehabilitacija istine o Republici Srpskoj i svima koji joj \u010dasno slu\u017ee&#8221; Fokus.ba<\/p>\n","protected":false},"author":1,"featured_media":30627,"comment_status":"open","ping_status":"open","sticky":false,"template":"","format":"standard","meta":{"_siteseo_robots_primary_cat":"","footnotes":""},"categories":[],"tags":[],"class_list":["post-30626","post","type-post","status-publish","format-standard","has-post-thumbnail"],"_links":{"self":[{"href":"https:\/\/modusportal.ba\/mojevijesti\/wp-json\/wp\/v2\/posts\/30626","targetHints":{"allow":["GET"]}}],"collection":[{"href":"https:\/\/modusportal.ba\/mojevijesti\/wp-json\/wp\/v2\/posts"}],"about":[{"href":"https:\/\/modusportal.ba\/mojevijesti\/wp-json\/wp\/v2\/types\/post"}],"author":[{"embeddable":true,"href":"https:\/\/modusportal.ba\/mojevijesti\/wp-json\/wp\/v2\/users\/1"}],"replies":[{"embeddable":true,"href":"https:\/\/modusportal.ba\/mojevijesti\/wp-json\/wp\/v2\/comments?post=30626"}],"version-history":[{"count":0,"href":"https:\/\/modusportal.ba\/mojevijesti\/wp-json\/wp\/v2\/posts\/30626\/revisions"}],"wp:featuredmedia":[{"embeddable":true,"href":"https:\/\/modusportal.ba\/mojevijesti\/wp-json\/wp\/v2\/media\/30627"}],"wp:attachment":[{"href":"https:\/\/modusportal.ba\/mojevijesti\/wp-json\/wp\/v2\/media?parent=30626"}],"wp:term":[{"taxonomy":"category","embeddable":true,"href":"https:\/\/modusportal.ba\/mojevijesti\/wp-json\/wp\/v2\/categories?post=30626"},{"taxonomy":"post_tag","embeddable":true,"href":"https:\/\/modusportal.ba\/mojevijesti\/wp-json\/wp\/v2\/tags?post=30626"}],"curies":[{"name":"wp","href":"https:\/\/api.w.org\/{rel}","templated":true}]}}